{"id":1376,"date":"2022-05-16T07:57:13","date_gmt":"2022-05-16T07:57:13","guid":{"rendered":"https:\/\/fleximart.desarrollowebsonline.es\/?p=1376"},"modified":"2022-05-16T07:57:13","modified_gmt":"2022-05-16T07:57:13","slug":"tubos-y-racores-para-la-maquinaria-de-embalaje","status":"publish","type":"post","link":"https:\/\/www.fleximat.es\/ca\/tubos-y-racores-para-la-maquinaria-de-embalaje\/","title":{"rendered":"Tubs i r\u00e0cords per a la maquin\u00e0ria d&#039;embalatge"},"content":{"rendered":"<p style=\"text-align: justify;\">La maquin\u00e0ria d&#039;embalatge \u00e9s de vital import\u00e0ncia per a diferents ind\u00fastries, ja que ofereix tots els beneficis de l&#039;envasament als productes. Davant d&#039;aix\u00f2, els tubs i r\u00e0cords s\u00f3n peces de poliamida que connecten i protegeixen de manera segura i professional per assegurar el funcionament correcte i eficient de la maquin\u00e0ria d&#039;embalatge.<\/p>\n<p style=\"text-align: justify;\">La tasca fonamental dels tubs i r\u00e0cords \u00e9s protegir les connexions el\u00e8ctriques de les m\u00e0quines d&#039;embalatge, alhora que connecten el cablejat als equips. A m\u00e9s, s\u00f3n de f\u00e0cil instal\u00b7laci\u00f3 i presenten una excel\u00b7lent resist\u00e8ncia mec\u00e0nica.<\/p>\n<p style=\"text-align: justify;\">La maquin\u00e0ria d\u02bbembalatge pot protegir el producte de moltes maneres diferents. Podeu mantenir segur no nom\u00e9s el producte, sin\u00f3 tamb\u00e9 el proc\u00e9s d&#039;envasament, i ajuden a garantir que el producte i el paquet romanguin protegits fins que arribin al consumidor. El fet que aquestes proteccions s&#039;ofereixin de manera constant i fiable vol dir que la maquin\u00e0ria d&#039;embalatge augmenta l&#039;efici\u00e8ncia i la producci\u00f3 sense sacrificar la protecci\u00f3 del producte.<\/p>\n<p style=\"text-align: justify;\">Davant d&#039;aix\u00f2, hi ha tubs i r\u00e0cords que ajuden al bon funcionament de la maquin\u00e0ria d&#039;embalatge. Aquests ajuden a mantenir la precisi\u00f3 en cadascun dels processos, a difer\u00e8ncia de les opcions manuals, que poden provocar resultats fluctuants als articles.<\/p>\n<h2 style=\"text-align: justify;\"><strong><img loading=\"lazy\" decoding=\"async\" class=\"aligncenter wp-image-759 size-full\" src=\"https:\/\/www.fleximat.es\/wp-content\/uploads\/2022\/02\/th_crop_1571674351racores-y-tubos-metalicos-1-e1695208817557.jpg\" alt=\"\" width=\"600\" height=\"600\" srcset=\"https:\/\/www.fleximat.es\/wp-content\/uploads\/2022\/02\/th_crop_1571674351racores-y-tubos-metalicos-1-e1695208817557-100x100.jpg 100w, https:\/\/www.fleximat.es\/wp-content\/uploads\/2022\/02\/th_crop_1571674351racores-y-tubos-metalicos-1-e1695208817557-150x150.jpg 150w\" sizes=\"(max-width: 600px) 100vw, 600px\" \/><\/strong><\/h2>\n<h2 style=\"text-align: justify;\"><strong>La millor qualitat i resultats <\/strong><\/h2>\n<p style=\"text-align: justify;\">Quan fem servir els tubs i r\u00e0cords correctes i de la millor qualitat a la maquin\u00e0ria d&#039;embalatge ajudem a l&#039;efici\u00e8ncia en la producci\u00f3.<\/p>\n<p style=\"text-align: justify;\">Per tant, utilitzar aquests elements us permet embalar els articles espec\u00edfics en el menor temps possible i potser en un temps determinat. Notar\u00e0 que omple r\u00e0pidament elements petits de transmissi\u00f3 lliure igual que elements de grans dimensions en molts contenidors en un sol cicle.<\/p>\n<p style=\"text-align: justify;\">D&#039;altra banda, la confian\u00e7a i la consist\u00e8ncia s\u00f3n factors tan importants com qualsevol altre al sector de l&#039;embalatge. La consist\u00e8ncia en el seu negoci \u00e9s, sens dubte, m\u00e9s important del que es pugui imaginar. Ser fiable permet establir l&#039;atenci\u00f3 plena, generar confian\u00e7a i transmetre els seus serveis de manera efectiva i beneficiosa. Sense ella, \u00e9s molt probable que el seu negoci fracassi. En seleccionar els tubs i r\u00e0cords necessaris per a la maquin\u00e0ria s&#039;assegurar\u00e0 de brindar resultats constants i fiables en cadascun dels seus processos, evitant retards i la p\u00e8rdua de material.<\/p>\n<p style=\"text-align: justify;\">Tant se val si l&#039;embalatge es basa en el pes, el volum, el nivell o alguna altra estimaci\u00f3 pel que fa a aix\u00f2. Aleshores, les m\u00e0quines d&#039;embalatge ajudaran a totes les seves necessitats.<\/p>\n<p style=\"text-align: justify;\">Si busqueu tubs i r\u00e0cords per a les vostres m\u00e0quines d&#039;embalatge, a Fleximat comptem amb la millor oferta d&#039;opcions, amb la m\u00e0xima qualitat i els preus m\u00e9s competitius. Des de 1998 treballem per desenvolupar i fabricar els productes per satisfer totes les necessitats de protecci\u00f3 i connexi\u00f3 a diferents sectors. Ens hem guanyat la confian\u00e7a de m\u00faltiples empreses l\u00edders a causa del nostre treball fiable ia la nostra constant capacitat d&#039;utilitzar les millors tecnologies per brindar les millors solucions al mercat.<\/p>\n<p style=\"text-align: justify;\">A aix\u00f2 se suma que comptem amb un equip que lajudar\u00e0 a solucionar qualsevol dubte per assegurar que seleccioneu els elements adequats per a les seves necessitats.<\/p>","protected":false},"excerpt":{"rendered":"<p>La maquin\u00e0ria d&#039;embalatge \u00e9s de vital import\u00e0ncia per a diferents ind\u00fastries, ja que ofereix tots els beneficis de l&#039;envasament a\u2026<\/p>","protected":false},"author":1,"featured_media":2440,"comment_status":"open","ping_status":"open","sticky":false,"template":"","format":"standard","meta":{"_kad_blocks_custom_css":"","_kad_blocks_head_custom_js":"","_kad_blocks_body_custom_js":"","_kad_blocks_footer_custom_js":"","_kadence_starter_templates_imported_post":false,"_kad_post_transparent":"","_kad_post_title":"","_kad_post_layout":"","_kad_post_sidebar_id":"","_kad_post_content_style":"","_kad_post_vertical_padding":"","_kad_post_feature":"","_kad_post_feature_position":"","_kad_post_header":false,"_kad_post_footer":false,"footnotes":""},"categories":[110],"tags":[111],"class_list":["post-1376","post","type-post","status-publish","format-standard","has-post-thumbnail","hentry","category-proyectos","tag-tubos-y-racores"],"yoast_head":"<!-- This site is optimized with the Yoast SEO plugin v21.7 - https:\/\/yoast.com\/wordpress\/plugins\/seo\/ -->\n<title>Tubos y racores para la maquinaria de embalaje - Fleximat<\/title>\n<meta name=\"robots\" content=\"index, follow, max-snippet:-1, max-image-preview:large, max-video-preview:-1\" \/>\n<link rel=\"canonical\" href=\"https:\/\/www.fleximat.es\/ca\/tubos-y-racores-para-la-maquinaria-de-embalaje\/\" \/>\n<meta property=\"og:locale\" content=\"ca_ES\" \/>\n<meta property=\"og:type\" content=\"article\" \/>\n<meta property=\"og:title\" content=\"Tubos y racores para la maquinaria de embalaje - Fleximat\" \/>\n<meta property=\"og:description\" content=\"La maquinaria de embalaje es de vital importancia para diferentes industrias, ya que brinda todos los beneficios del envasado a...\" \/>\n<meta property=\"og:url\" content=\"https:\/\/www.fleximat.es\/ca\/tubos-y-racores-para-la-maquinaria-de-embalaje\/\" \/>\n<meta property=\"og:site_name\" content=\"Fleximat\" \/>\n<meta property=\"article:published_time\" content=\"2022-05-16T07:57:13+00:00\" \/>\n<meta property=\"og:image\" content=\"https:\/\/www.fleximat.es\/wp-content\/uploads\/2022\/05\/articulos-blog-2.jpg\" \/>\n\t<meta property=\"og:image:width\" content=\"1920\" \/>\n\t<meta property=\"og:image:height\" content=\"1080\" \/>\n\t<meta property=\"og:image:type\" content=\"image\/jpeg\" \/>\n<meta name=\"author\" content=\"eloi\" \/>\n<meta name=\"twitter:card\" content=\"summary_large_image\" \/>\n<meta name=\"twitter:label1\" content=\"Escrit per\" \/>\n\t<meta name=\"twitter:data1\" content=\"eloi\" \/>\n\t<meta name=\"twitter:label2\" content=\"Temps estimat de lectura\" \/>\n\t<meta name=\"twitter:data2\" content=\"3 minuts\" \/>\n<script type=\"application\/ld+json\" class=\"yoast-schema-graph\">{\"@context\":\"https:\/\/schema.org\",\"@graph\":[{\"@type\":\"Article\",\"@id\":\"https:\/\/www.fleximat.es\/tubos-y-racores-para-la-maquinaria-de-embalaje\/#article\",\"isPartOf\":{\"@id\":\"https:\/\/www.fleximat.es\/tubos-y-racores-para-la-maquinaria-de-embalaje\/\"},\"author\":{\"name\":\"eloi\",\"@id\":\"https:\/\/www.fleximat.es\/bn\/#\/schema\/person\/de8b4c68896d4a526be5f06f687775b7\"},\"headline\":\"Tubos y racores para la maquinaria de embalaje\",\"datePublished\":\"2022-05-16T07:57:13+00:00\",\"dateModified\":\"2022-05-16T07:57:13+00:00\",\"mainEntityOfPage\":{\"@id\":\"https:\/\/www.fleximat.es\/tubos-y-racores-para-la-maquinaria-de-embalaje\/\"},\"wordCount\":557,\"commentCount\":0,\"publisher\":{\"@id\":\"https:\/\/www.fleximat.es\/bn\/#organization\"},\"keywords\":[\"tubos y racores\"],\"articleSection\":[\"Proyectos\"],\"inLanguage\":\"ca\",\"potentialAction\":[{\"@type\":\"CommentAction\",\"name\":\"Comment\",\"target\":[\"https:\/\/www.fleximat.es\/tubos-y-racores-para-la-maquinaria-de-embalaje\/#respond\"]}]},{\"@type\":\"WebPage\",\"@id\":\"https:\/\/www.fleximat.es\/tubos-y-racores-para-la-maquinaria-de-embalaje\/\",\"url\":\"https:\/\/www.fleximat.es\/tubos-y-racores-para-la-maquinaria-de-embalaje\/\",\"name\":\"Tubos y racores para la maquinaria de embalaje - Fleximat\",\"isPartOf\":{\"@id\":\"https:\/\/www.fleximat.es\/bn\/#website\"},\"datePublished\":\"2022-05-16T07:57:13+00:00\",\"dateModified\":\"2022-05-16T07:57:13+00:00\",\"breadcrumb\":{\"@id\":\"https:\/\/www.fleximat.es\/tubos-y-racores-para-la-maquinaria-de-embalaje\/#breadcrumb\"},\"inLanguage\":\"ca\",\"potentialAction\":[{\"@type\":\"ReadAction\",\"target\":[\"https:\/\/www.fleximat.es\/tubos-y-racores-para-la-maquinaria-de-embalaje\/\"]}]},{\"@type\":\"BreadcrumbList\",\"@id\":\"https:\/\/www.fleximat.es\/tubos-y-racores-para-la-maquinaria-de-embalaje\/#breadcrumb\",\"itemListElement\":[{\"@type\":\"ListItem\",\"position\":1,\"name\":\"Portada\",\"item\":\"https:\/\/www.fleximat.es\/\"},{\"@type\":\"ListItem\",\"position\":2,\"name\":\"Tubos y racores para la maquinaria de embalaje\"}]},{\"@type\":\"WebSite\",\"@id\":\"https:\/\/www.fleximat.es\/bn\/#website\",\"url\":\"https:\/\/www.fleximat.es\/bn\/\",\"name\":\"Fleximat\",\"description\":\"Tu soluci\u00f3n en prensaestopas y tubos flexibles\",\"publisher\":{\"@id\":\"https:\/\/www.fleximat.es\/bn\/#organization\"},\"potentialAction\":[{\"@type\":\"SearchAction\",\"target\":{\"@type\":\"EntryPoint\",\"urlTemplate\":\"https:\/\/www.fleximat.es\/bn\/?s={search_term_string}\"},\"query-input\":\"required name=search_term_string\"}],\"inLanguage\":\"ca\"},{\"@type\":\"Organization\",\"@id\":\"https:\/\/www.fleximat.es\/bn\/#organization\",\"name\":\"Fleximat\",\"url\":\"https:\/\/www.fleximat.es\/bn\/\",\"logo\":{\"@type\":\"ImageObject\",\"inLanguage\":\"ca\",\"@id\":\"https:\/\/www.fleximat.es\/bn\/#\/schema\/logo\/image\/\",\"url\":\"https:\/\/www.fleximat.es\/wp-content\/uploads\/2023\/11\/fleximat-logo-1.png\",\"contentUrl\":\"https:\/\/www.fleximat.es\/wp-content\/uploads\/2023\/11\/fleximat-logo-1.png\",\"width\":1169,\"height\":289,\"caption\":\"Fleximat\"},\"image\":{\"@id\":\"https:\/\/www.fleximat.es\/bn\/#\/schema\/logo\/image\/\"}},{\"@type\":\"Person\",\"@id\":\"https:\/\/www.fleximat.es\/bn\/#\/schema\/person\/de8b4c68896d4a526be5f06f687775b7\",\"name\":\"eloi\",\"sameAs\":[\"https:\/\/www.fleximat.es\"],\"url\":\"https:\/\/www.fleximat.es\/ca\/author\/eloi\/\"}]}<\/script>\n<!-- \/ Yoast SEO plugin. -->","yoast_head_json":{"title":"Tubos y racores para la maquinaria de embalaje - Fleximat","robots":{"index":"index","follow":"follow","max-snippet":"max-snippet:-1","max-image-preview":"max-image-preview:large","max-video-preview":"max-video-preview:-1"},"canonical":"https:\/\/www.fleximat.es\/ca\/tubos-y-racores-para-la-maquinaria-de-embalaje\/","og_locale":"ca_ES","og_type":"article","og_title":"Tubos y racores para la maquinaria de embalaje - Fleximat","og_description":"La maquinaria de embalaje es de vital importancia para diferentes industrias, ya que brinda todos los beneficios del envasado a...","og_url":"https:\/\/www.fleximat.es\/ca\/tubos-y-racores-para-la-maquinaria-de-embalaje\/","og_site_name":"Fleximat","article_published_time":"2022-05-16T07:57:13+00:00","og_image":[{"width":1920,"height":1080,"url":"https:\/\/www.fleximat.es\/wp-content\/uploads\/2022\/05\/articulos-blog-2.jpg","type":"image\/jpeg"}],"author":"eloi","twitter_card":"summary_large_image","twitter_misc":{"Escrit per":"eloi","Temps estimat de lectura":"3 minuts"},"schema":{"@context":"https:\/\/schema.org","@graph":[{"@type":"Article","@id":"https:\/\/www.fleximat.es\/tubos-y-racores-para-la-maquinaria-de-embalaje\/#article","isPartOf":{"@id":"https:\/\/www.fleximat.es\/tubos-y-racores-para-la-maquinaria-de-embalaje\/"},"author":{"name":"eloi","@id":"https:\/\/www.fleximat.es\/bn\/#\/schema\/person\/de8b4c68896d4a526be5f06f687775b7"},"headline":"Tubos y racores para la maquinaria de embalaje","datePublished":"2022-05-16T07:57:13+00:00","dateModified":"2022-05-16T07:57:13+00:00","mainEntityOfPage":{"@id":"https:\/\/www.fleximat.es\/tubos-y-racores-para-la-maquinaria-de-embalaje\/"},"wordCount":557,"commentCount":0,"publisher":{"@id":"https:\/\/www.fleximat.es\/bn\/#organization"},"keywords":["tubos y racores"],"articleSection":["Proyectos"],"inLanguage":"ca","potentialAction":[{"@type":"CommentAction","name":"Comment","target":["https:\/\/www.fleximat.es\/tubos-y-racores-para-la-maquinaria-de-embalaje\/#respond"]}]},{"@type":"WebPage","@id":"https:\/\/www.fleximat.es\/tubos-y-racores-para-la-maquinaria-de-embalaje\/","url":"https:\/\/www.fleximat.es\/tubos-y-racores-para-la-maquinaria-de-embalaje\/","name":"Tubos y racores para la maquinaria de embalaje - Fleximat","isPartOf":{"@id":"https:\/\/www.fleximat.es\/bn\/#website"},"datePublished":"2022-05-16T07:57:13+00:00","dateModified":"2022-05-16T07:57:13+00:00","breadcrumb":{"@id":"https:\/\/www.fleximat.es\/tubos-y-racores-para-la-maquinaria-de-embalaje\/#breadcrumb"},"inLanguage":"ca","potentialAction":[{"@type":"ReadAction","target":["https:\/\/www.fleximat.es\/tubos-y-racores-para-la-maquinaria-de-embalaje\/"]}]},{"@type":"BreadcrumbList","@id":"https:\/\/www.fleximat.es\/tubos-y-racores-para-la-maquinaria-de-embalaje\/#breadcrumb","itemListElement":[{"@type":"ListItem","position":1,"name":"Portada","item":"https:\/\/www.fleximat.es\/"},{"@type":"ListItem","position":2,"name":"Tubos y racores para la maquinaria de embalaje"}]},{"@type":"WebSite","@id":"https:\/\/www.fleximat.es\/bn\/#website","url":"https:\/\/www.fleximat.es\/bn\/","name":"Fleximat","description":"Tu soluci\u00f3n en prensaestopas y tubos flexibles","publisher":{"@id":"https:\/\/www.fleximat.es\/bn\/#organization"},"potentialAction":[{"@type":"SearchAction","target":{"@type":"EntryPoint","urlTemplate":"https:\/\/www.fleximat.es\/bn\/?s={search_term_string}"},"query-input":"required name=search_term_string"}],"inLanguage":"ca"},{"@type":"Organization","@id":"https:\/\/www.fleximat.es\/bn\/#organization","name":"Fleximat","url":"https:\/\/www.fleximat.es\/bn\/","logo":{"@type":"ImageObject","inLanguage":"ca","@id":"https:\/\/www.fleximat.es\/bn\/#\/schema\/logo\/image\/","url":"https:\/\/www.fleximat.es\/wp-content\/uploads\/2023\/11\/fleximat-logo-1.png","contentUrl":"https:\/\/www.fleximat.es\/wp-content\/uploads\/2023\/11\/fleximat-logo-1.png","width":1169,"height":289,"caption":"Fleximat"},"image":{"@id":"https:\/\/www.fleximat.es\/bn\/#\/schema\/logo\/image\/"}},{"@type":"Person","@id":"https:\/\/www.fleximat.es\/bn\/#\/schema\/person\/de8b4c68896d4a526be5f06f687775b7","name":"eloi","sameAs":["https:\/\/www.fleximat.es"],"url":"https:\/\/www.fleximat.es\/ca\/author\/eloi\/"}]}},"taxonomy_info":{"category":[{"value":110,"label":"Proyectos"}],"post_tag":[{"value":111,"label":"tubos y racores"}]},"featured_image_src_large":["https:\/\/www.fleximat.es\/wp-content\/uploads\/2022\/05\/articulos-blog-2-1024x576.jpg",1024,576,true],"author_info":{"display_name":"eloi","author_link":"https:\/\/www.fleximat.es\/ca\/author\/eloi\/"},"comment_info":1,"category_info":[{"term_id":110,"name":"Proyectos","slug":"proyectos","term_group":0,"term_taxonomy_id":110,"taxonomy":"category","description":"","parent":0,"count":1,"filter":"raw","term_order":"0","cat_ID":110,"category_count":1,"category_description":"","cat_name":"Proyectos","category_nicename":"proyectos","category_parent":0}],"tag_info":[{"term_id":111,"name":"tubos y racores","slug":"tubos-y-racores","term_group":0,"term_taxonomy_id":111,"taxonomy":"post_tag","description":"","parent":0,"count":1,"filter":"raw","term_order":"0"}],"_links":{"self":[{"href":"https:\/\/www.fleximat.es\/ca\/wp-json\/wp\/v2\/posts\/1376"}],"collection":[{"href":"https:\/\/www.fleximat.es\/ca\/wp-json\/wp\/v2\/posts"}],"about":[{"href":"https:\/\/www.fleximat.es\/ca\/wp-json\/wp\/v2\/types\/post"}],"author":[{"embeddable":true,"href":"https:\/\/www.fleximat.es\/ca\/wp-json\/wp\/v2\/users\/1"}],"replies":[{"embeddable":true,"href":"https:\/\/www.fleximat.es\/ca\/wp-json\/wp\/v2\/comments?post=1376"}],"version-history":[{"count":0,"href":"https:\/\/www.fleximat.es\/ca\/wp-json\/wp\/v2\/posts\/1376\/revisions"}],"wp:featuredmedia":[{"embeddable":true,"href":"https:\/\/www.fleximat.es\/ca\/wp-json\/wp\/v2\/media\/2440"}],"wp:attachment":[{"href":"https:\/\/www.fleximat.es\/ca\/wp-json\/wp\/v2\/media?parent=1376"}],"wp:term":[{"taxonomy":"category","embeddable":true,"href":"https:\/\/www.fleximat.es\/ca\/wp-json\/wp\/v2\/categories?post=1376"},{"taxonomy":"post_tag","embeddable":true,"href":"https:\/\/www.fleximat.es\/ca\/wp-json\/wp\/v2\/tags?post=1376"}],"curies":[{"name":"wp","href":"https:\/\/api.w.org\/{rel}","templated":true}]}}