{"id":15,"date":"2021-04-28T12:00:45","date_gmt":"2021-04-28T12:00:45","guid":{"rendered":"https:\/\/www.fleximat.es\/blog\/?p=15"},"modified":"2021-04-28T12:00:45","modified_gmt":"2021-04-28T12:00:45","slug":"que-tipo-de-proteccion-de-cableados-para-vehiculos-industriales-ofrecemos-en-fleximat","status":"publish","type":"post","link":"https:\/\/www.fleximat.es\/ca\/que-tipo-de-proteccion-de-cableados-para-vehiculos-industriales-ofrecemos-en-fleximat\/","title":{"rendered":"Quin tipus de protecci\u00f3 de cablejats per a vehicles industrials oferim a Fleximat?"},"content":{"rendered":"<p>A continuaci\u00f3, detallem els punts on <strong>Fleximat<\/strong> i el seu sistema de protecci\u00f3 de <a href=\"https:\/\/www.fleximat.es\/ca\/prensaestopas-para-cables-armados-t-108-es\/\"><strong>cablejats<\/strong><\/a> ajuda els vehicles industrials a estar equipats amb la millor tecnologia i qualitat possible:<\/p>\n<ul>\n<li>Tecnologia d&#039;enllumenat: La senyalitzaci\u00f3 i la il\u00b7luminaci\u00f3 d&#039;aquests vehicles s\u00f3n necessaris a l&#039;hora de barrejar-se a la via i compartir de manera efica\u00e7 la seva informaci\u00f3 de posici\u00f3 i maniobres.<\/li>\n<li>Cables el\u00e8ctrics i fluids: Aquests grans vehicles contenen un gran nombre de cables que es reparteixen per tota la seva cabina i extensi\u00f3, s&#039;encarreguen de gestionar la centraleta del vehicle amb les peces i els sistemes.<\/li>\n<li>Materials de primera qualitat: A causa de les condicions i \u00fas que suporten aquest tipus de vehicles, \u00e9s imprescindible equipar el nostre equip amb les millors solucions possibles; des d&#039;aliatges especials fins a mecanismes propis de la seva gamma, per assegurar la m\u00e0xima durabilitat i resist\u00e8ncia dels materials de fabricaci\u00f3.<\/li>\n<\/ul>\n<p>Els fabricants de vehicles industrials s\u00f3n coneixedors de tots aquests punts i \u00e9s per aix\u00f2 que, des de fa m\u00e9s de 2 d\u00e8cades, decideixen incorporar elements de protecci\u00f3 de <strong>cablejats <\/strong>per als vehicles.<\/p>\n<h2><strong>Protecci\u00f3 de cablejats en vehicles industrials<\/strong><\/h2>\n<p>Els vehicles industrials s\u00f3n una part imprescindible de l&#039;activitat de l&#039;empresa i es caracteritzen per la gran mida. Estan dissenyats per transportar material i utensilis necessaris per a la realitzaci\u00f3 del treball i es poden classificar en diversos tipus, com ara camions, camions articulats, trens de carretera, autobusos i vehicles especials.<\/p>\n<p>Aquests vehicles especials destaquen \u00e0mpliament sobre tots els altres vehicles en diversos aspectes:<\/p>\n<ul>\n<li>Amplitud: Podem entendre l&#039;amplitud com a capacitat de c\u00e0rrega o espai habilitat per al transport de la mercaderia en q\u00fcesti\u00f3.<\/li>\n<li>Diversitat de gamma: Els vehicles industrials s\u00f3n espec\u00edfics per aplicacions i la seva funcionalitat \u00e9s alt\u00edssima. Per a molts tipus de transport hi ha vehicles especialment fabricats.<\/li>\n<li>Rendiment i consum: El motor utilitzat en aquests vehicles aporta equilibri a la relaci\u00f3 de consum de combustible i prestacions.<\/li>\n<li>Seguretat: Cada cop m\u00e9s s&#039;implementen mesures de seguretat que ajuden a evitar qualsevol tipus d&#039;accident i, en cas que passi, que sigui el m\u00e9s lleu possible. Detectors de canvi de carril, assistents de conducci\u00f3, frenats autom\u00e0tics i tota mena de controls i ajudes electr\u00f2niques\u2026<\/li>\n<\/ul>\n<h2><strong>Sistema de protecci\u00f3 de cablejats per a automoci\u00f3 de Fleximat<\/strong><\/h2>\n<p>A Fleximat, el sistema de protecci\u00f3 de <strong>cablejats<\/strong> per a automoci\u00f3 est\u00e0 compost dels seg\u00fcents productes, tots ells amb funcions i aplicacions espec\u00edfiques. Aquests materials poden i s\u00f3n usats en conjunt amb regularitat, resultant en una protecci\u00f3 i connexi\u00f3 total per al cablatge dels vehicles.<\/p>\n<p><a href=\"https:\/\/www.fleximat.es\/ca\/tubos-metalicos-pvc-t-58-es\/\"><strong>Tubs corrugats flexibles de poliamida<\/strong><\/a><strong>:<\/strong> Element imprescindible per recobrir i protegir els cables de tota mena. \u00c9s la soluci\u00f3 m\u00e9s utilitzada i disposem de gran varietat de materials en funci\u00f3 del vostre vehicle. Elements clau: F\u00e0cil d&#039;instal\u00b7lar i alta resist\u00e8ncia mec\u00e0nica.<\/p>\n<p><a href=\"https:\/\/www.fleximat.es\/ca\/racor-de-poliamida-t-52-es\/\"><strong>R\u00e0cords de poliamida<\/strong><\/a><strong>:<\/strong> \u00c9s un accessori del tub corrugat de poliamida, i es connecta al tub de manera senzilla amb un simple clic. D&#039;altra banda, es rosca a la caixa de connexions i s&#039;assegura una estanquitat del conjunt d&#039;IP68. Elements clau: Alta resist\u00e8ncia a raigs UV, gamma extensa i personalitzable.<\/p>\n<p><a href=\"https:\/\/www.fleximat.es\/ca\/soporte-para-tubo-poliamida-t-53-es\/\"><strong>Suports amb tapa per a tubs de poliamida<\/strong><\/a><strong>: <\/strong>Accessori del tub flexible que ofereix facilitat per guiar el tub. Soluci\u00f3 altament recomanada i agra\u00efda pels fabricants. En destaquem el disseny simple i rigidesa.<\/p>\n<p><strong>Derivacions de poliamida:<\/strong> Accessori del tub, la seva funci\u00f3 \u00e9s distribuir o repartir els cables i mantenir una instal\u00b7laci\u00f3 segura i estanca. D&#039;instal\u00b7laci\u00f3 molt r\u00e0pida i gran varietat de formes i mides.<\/p>\n<p><a href=\"https:\/\/www.fleximat.es\/ca\/prensaestopas-accesorios-plasticos-de-poliamida-t-5-es\/\"><strong>Premsaestopes pl\u00e0stics<\/strong><\/a><strong>:<\/strong> Element de connexi\u00f3 i protecci\u00f3 mec\u00e0nic que va roscat l\u02bbequip i subjecta al cable el\u00e8ctric. Especialment utilitzat en la il\u00b7luminaci\u00f3 dels vehicles industrials. Est\u00e0 disponible en tres colors i multitud de rosques i mides per a diferents di\u00e0metres de cable.<\/p>\n<p>Si desitja rebre m\u00e9s informaci\u00f3 dels nostres productes o necessita assessorament per a la protecci\u00f3 dels seus productes <strong>cablejats<\/strong>, no dubti en contactar amb nosaltres.<\/p>\n<p>&nbsp;<\/p>","protected":false},"excerpt":{"rendered":"<p>A continuaci\u00f3, detallem els punts on Fleximat i el seu sistema de protecci\u00f3 de cablejats ajuda els vehicles industrials a\u2026<\/p>","protected":false},"author":1,"featured_media":2421,"comment_status":"open","ping_status":"open","sticky":false,"template":"","format":"standard","meta":{"_kad_blocks_custom_css":"","_kad_blocks_head_custom_js":"","_kad_blocks_body_custom_js":"","_kad_blocks_footer_custom_js":"","_kadence_starter_templates_imported_post":false,"_kad_post_transparent":"","_kad_post_title":"","_kad_post_layout":"","_kad_post_sidebar_id":"","_kad_post_content_style":"","_kad_post_vertical_padding":"","_kad_post_feature":"","_kad_post_feature_position":"","_kad_post_header":false,"_kad_post_footer":false,"footnotes":""},"categories":[1],"tags":[95,96,97,98],"class_list":["post-15","post","type-post","status-publish","format-standard","has-post-thumbnail","hentry","category-blog","tag-prensaestopas-plasticos","tag-racores-de-poliamida","tag-tubos-corrugados-flexibles-de-poliamida","tag-vehiculos-industriales"],"yoast_head":"<!-- This site is optimized with the Yoast SEO plugin v21.7 - https:\/\/yoast.com\/wordpress\/plugins\/seo\/ -->\n<title>\u00bfQu\u00e9 tipo de protecci\u00f3n de cableados para veh\u00edculos industriales ofrecemos en Fleximat? - Fleximat<\/title>\n<meta name=\"robots\" content=\"index, follow, max-snippet:-1, max-image-preview:large, max-video-preview:-1\" \/>\n<link rel=\"canonical\" href=\"https:\/\/www.fleximat.es\/ca\/que-tipo-de-proteccion-de-cableados-para-vehiculos-industriales-ofrecemos-en-fleximat\/\" \/>\n<meta property=\"og:locale\" content=\"ca_ES\" \/>\n<meta property=\"og:type\" content=\"article\" \/>\n<meta property=\"og:title\" content=\"\u00bfQu\u00e9 tipo de protecci\u00f3n de cableados para veh\u00edculos industriales ofrecemos en Fleximat? - Fleximat\" \/>\n<meta property=\"og:description\" content=\"A continuaci\u00f3n, detallamos los puntos donde Fleximat y su sistema de protecci\u00f3n de cableados ayuda a los veh\u00edculos industriales a...\" \/>\n<meta property=\"og:url\" content=\"https:\/\/www.fleximat.es\/ca\/que-tipo-de-proteccion-de-cableados-para-vehiculos-industriales-ofrecemos-en-fleximat\/\" \/>\n<meta property=\"og:site_name\" content=\"Fleximat\" \/>\n<meta property=\"article:published_time\" content=\"2021-04-28T12:00:45+00:00\" \/>\n<meta property=\"og:image\" content=\"https:\/\/www.fleximat.es\/wp-content\/uploads\/2021\/04\/vehiculos-industriales.jpg\" \/>\n\t<meta property=\"og:image:width\" content=\"1280\" \/>\n\t<meta property=\"og:image:height\" content=\"960\" \/>\n\t<meta property=\"og:image:type\" content=\"image\/jpeg\" \/>\n<meta name=\"author\" content=\"eloi\" \/>\n<meta name=\"twitter:card\" content=\"summary_large_image\" \/>\n<meta name=\"twitter:label1\" content=\"Escrit per\" \/>\n\t<meta name=\"twitter:data1\" content=\"eloi\" \/>\n\t<meta name=\"twitter:label2\" content=\"Temps estimat de lectura\" \/>\n\t<meta name=\"twitter:data2\" content=\"4 minuts\" \/>\n<script type=\"application\/ld+json\" class=\"yoast-schema-graph\">{\"@context\":\"https:\/\/schema.org\",\"@graph\":[{\"@type\":\"Article\",\"@id\":\"https:\/\/www.fleximat.es\/it\/que-tipo-de-proteccion-de-cableados-para-vehiculos-industriales-ofrecemos-en-fleximat\/#article\",\"isPartOf\":{\"@id\":\"https:\/\/www.fleximat.es\/it\/que-tipo-de-proteccion-de-cableados-para-vehiculos-industriales-ofrecemos-en-fleximat\/\"},\"author\":{\"name\":\"eloi\",\"@id\":\"https:\/\/www.fleximat.es\/bn\/#\/schema\/person\/de8b4c68896d4a526be5f06f687775b7\"},\"headline\":\"\u00bfQu\u00e9 tipo de protecci\u00f3n de cableados para veh\u00edculos industriales ofrecemos en Fleximat?\",\"datePublished\":\"2021-04-28T12:00:45+00:00\",\"dateModified\":\"2021-04-28T12:00:45+00:00\",\"mainEntityOfPage\":{\"@id\":\"https:\/\/www.fleximat.es\/it\/que-tipo-de-proteccion-de-cableados-para-vehiculos-industriales-ofrecemos-en-fleximat\/\"},\"wordCount\":737,\"commentCount\":0,\"publisher\":{\"@id\":\"https:\/\/www.fleximat.es\/bn\/#organization\"},\"keywords\":[\"Prensaestopas pl\u00e1sticos\",\"Racores de poliamida\",\"Tubos corrugados flexibles de poliamida\",\"Veh\u00edculos industriales\"],\"articleSection\":[\"Blog\"],\"inLanguage\":\"ca\",\"potentialAction\":[{\"@type\":\"CommentAction\",\"name\":\"Comment\",\"target\":[\"https:\/\/www.fleximat.es\/it\/que-tipo-de-proteccion-de-cableados-para-vehiculos-industriales-ofrecemos-en-fleximat\/#respond\"]}]},{\"@type\":\"WebPage\",\"@id\":\"https:\/\/www.fleximat.es\/it\/que-tipo-de-proteccion-de-cableados-para-vehiculos-industriales-ofrecemos-en-fleximat\/\",\"url\":\"https:\/\/www.fleximat.es\/it\/que-tipo-de-proteccion-de-cableados-para-vehiculos-industriales-ofrecemos-en-fleximat\/\",\"name\":\"\u00bfQu\u00e9 tipo de protecci\u00f3n de cableados para veh\u00edculos industriales ofrecemos en Fleximat? - Fleximat\",\"isPartOf\":{\"@id\":\"https:\/\/www.fleximat.es\/bn\/#website\"},\"datePublished\":\"2021-04-28T12:00:45+00:00\",\"dateModified\":\"2021-04-28T12:00:45+00:00\",\"breadcrumb\":{\"@id\":\"https:\/\/www.fleximat.es\/it\/que-tipo-de-proteccion-de-cableados-para-vehiculos-industriales-ofrecemos-en-fleximat\/#breadcrumb\"},\"inLanguage\":\"ca\",\"potentialAction\":[{\"@type\":\"ReadAction\",\"target\":[\"https:\/\/www.fleximat.es\/it\/que-tipo-de-proteccion-de-cableados-para-vehiculos-industriales-ofrecemos-en-fleximat\/\"]}]},{\"@type\":\"BreadcrumbList\",\"@id\":\"https:\/\/www.fleximat.es\/it\/que-tipo-de-proteccion-de-cableados-para-vehiculos-industriales-ofrecemos-en-fleximat\/#breadcrumb\",\"itemListElement\":[{\"@type\":\"ListItem\",\"position\":1,\"name\":\"Portada\",\"item\":\"https:\/\/www.fleximat.es\/\"},{\"@type\":\"ListItem\",\"position\":2,\"name\":\"\u00bfQu\u00e9 tipo de protecci\u00f3n de cableados para veh\u00edculos industriales ofrecemos en Fleximat?\"}]},{\"@type\":\"WebSite\",\"@id\":\"https:\/\/www.fleximat.es\/bn\/#website\",\"url\":\"https:\/\/www.fleximat.es\/bn\/\",\"name\":\"Fleximat\",\"description\":\"Tu soluci\u00f3n en prensaestopas y tubos flexibles\",\"publisher\":{\"@id\":\"https:\/\/www.fleximat.es\/bn\/#organization\"},\"potentialAction\":[{\"@type\":\"SearchAction\",\"target\":{\"@type\":\"EntryPoint\",\"urlTemplate\":\"https:\/\/www.fleximat.es\/bn\/?s={search_term_string}\"},\"query-input\":\"required name=search_term_string\"}],\"inLanguage\":\"ca\"},{\"@type\":\"Organization\",\"@id\":\"https:\/\/www.fleximat.es\/bn\/#organization\",\"name\":\"Fleximat\",\"url\":\"https:\/\/www.fleximat.es\/bn\/\",\"logo\":{\"@type\":\"ImageObject\",\"inLanguage\":\"ca\",\"@id\":\"https:\/\/www.fleximat.es\/bn\/#\/schema\/logo\/image\/\",\"url\":\"https:\/\/www.fleximat.es\/wp-content\/uploads\/2023\/11\/fleximat-logo-1.png\",\"contentUrl\":\"https:\/\/www.fleximat.es\/wp-content\/uploads\/2023\/11\/fleximat-logo-1.png\",\"width\":1169,\"height\":289,\"caption\":\"Fleximat\"},\"image\":{\"@id\":\"https:\/\/www.fleximat.es\/bn\/#\/schema\/logo\/image\/\"}},{\"@type\":\"Person\",\"@id\":\"https:\/\/www.fleximat.es\/bn\/#\/schema\/person\/de8b4c68896d4a526be5f06f687775b7\",\"name\":\"eloi\",\"sameAs\":[\"https:\/\/www.fleximat.es\"],\"url\":\"https:\/\/www.fleximat.es\/ca\/author\/eloi\/\"}]}<\/script>\n<!-- \/ Yoast SEO plugin. -->","yoast_head_json":{"title":"\u00bfQu\u00e9 tipo de protecci\u00f3n de cableados para veh\u00edculos industriales ofrecemos en Fleximat? - Fleximat","robots":{"index":"index","follow":"follow","max-snippet":"max-snippet:-1","max-image-preview":"max-image-preview:large","max-video-preview":"max-video-preview:-1"},"canonical":"https:\/\/www.fleximat.es\/ca\/que-tipo-de-proteccion-de-cableados-para-vehiculos-industriales-ofrecemos-en-fleximat\/","og_locale":"ca_ES","og_type":"article","og_title":"\u00bfQu\u00e9 tipo de protecci\u00f3n de cableados para veh\u00edculos industriales ofrecemos en Fleximat? - Fleximat","og_description":"A continuaci\u00f3n, detallamos los puntos donde Fleximat y su sistema de protecci\u00f3n de cableados ayuda a los veh\u00edculos industriales a...","og_url":"https:\/\/www.fleximat.es\/ca\/que-tipo-de-proteccion-de-cableados-para-vehiculos-industriales-ofrecemos-en-fleximat\/","og_site_name":"Fleximat","article_published_time":"2021-04-28T12:00:45+00:00","og_image":[{"width":1280,"height":960,"url":"https:\/\/www.fleximat.es\/wp-content\/uploads\/2021\/04\/vehiculos-industriales.jpg","type":"image\/jpeg"}],"author":"eloi","twitter_card":"summary_large_image","twitter_misc":{"Escrit per":"eloi","Temps estimat de lectura":"4 minuts"},"schema":{"@context":"https:\/\/schema.org","@graph":[{"@type":"Article","@id":"https:\/\/www.fleximat.es\/it\/que-tipo-de-proteccion-de-cableados-para-vehiculos-industriales-ofrecemos-en-fleximat\/#article","isPartOf":{"@id":"https:\/\/www.fleximat.es\/it\/que-tipo-de-proteccion-de-cableados-para-vehiculos-industriales-ofrecemos-en-fleximat\/"},"author":{"name":"eloi","@id":"https:\/\/www.fleximat.es\/bn\/#\/schema\/person\/de8b4c68896d4a526be5f06f687775b7"},"headline":"\u00bfQu\u00e9 tipo de protecci\u00f3n de cableados para veh\u00edculos industriales ofrecemos en Fleximat?","datePublished":"2021-04-28T12:00:45+00:00","dateModified":"2021-04-28T12:00:45+00:00","mainEntityOfPage":{"@id":"https:\/\/www.fleximat.es\/it\/que-tipo-de-proteccion-de-cableados-para-vehiculos-industriales-ofrecemos-en-fleximat\/"},"wordCount":737,"commentCount":0,"publisher":{"@id":"https:\/\/www.fleximat.es\/bn\/#organization"},"keywords":["Prensaestopas pl\u00e1sticos","Racores de poliamida","Tubos corrugados flexibles de poliamida","Veh\u00edculos industriales"],"articleSection":["Blog"],"inLanguage":"ca","potentialAction":[{"@type":"CommentAction","name":"Comment","target":["https:\/\/www.fleximat.es\/it\/que-tipo-de-proteccion-de-cableados-para-vehiculos-industriales-ofrecemos-en-fleximat\/#respond"]}]},{"@type":"WebPage","@id":"https:\/\/www.fleximat.es\/it\/que-tipo-de-proteccion-de-cableados-para-vehiculos-industriales-ofrecemos-en-fleximat\/","url":"https:\/\/www.fleximat.es\/it\/que-tipo-de-proteccion-de-cableados-para-vehiculos-industriales-ofrecemos-en-fleximat\/","name":"\u00bfQu\u00e9 tipo de protecci\u00f3n de cableados para veh\u00edculos industriales ofrecemos en Fleximat? - Fleximat","isPartOf":{"@id":"https:\/\/www.fleximat.es\/bn\/#website"},"datePublished":"2021-04-28T12:00:45+00:00","dateModified":"2021-04-28T12:00:45+00:00","breadcrumb":{"@id":"https:\/\/www.fleximat.es\/it\/que-tipo-de-proteccion-de-cableados-para-vehiculos-industriales-ofrecemos-en-fleximat\/#breadcrumb"},"inLanguage":"ca","potentialAction":[{"@type":"ReadAction","target":["https:\/\/www.fleximat.es\/it\/que-tipo-de-proteccion-de-cableados-para-vehiculos-industriales-ofrecemos-en-fleximat\/"]}]},{"@type":"BreadcrumbList","@id":"https:\/\/www.fleximat.es\/it\/que-tipo-de-proteccion-de-cableados-para-vehiculos-industriales-ofrecemos-en-fleximat\/#breadcrumb","itemListElement":[{"@type":"ListItem","position":1,"name":"Portada","item":"https:\/\/www.fleximat.es\/"},{"@type":"ListItem","position":2,"name":"\u00bfQu\u00e9 tipo de protecci\u00f3n de cableados para veh\u00edculos industriales ofrecemos en Fleximat?"}]},{"@type":"WebSite","@id":"https:\/\/www.fleximat.es\/bn\/#website","url":"https:\/\/www.fleximat.es\/bn\/","name":"Fleximat","description":"Tu soluci\u00f3n en prensaestopas y tubos flexibles","publisher":{"@id":"https:\/\/www.fleximat.es\/bn\/#organization"},"potentialAction":[{"@type":"SearchAction","target":{"@type":"EntryPoint","urlTemplate":"https:\/\/www.fleximat.es\/bn\/?s={search_term_string}"},"query-input":"required name=search_term_string"}],"inLanguage":"ca"},{"@type":"Organization","@id":"https:\/\/www.fleximat.es\/bn\/#organization","name":"Fleximat","url":"https:\/\/www.fleximat.es\/bn\/","logo":{"@type":"ImageObject","inLanguage":"ca","@id":"https:\/\/www.fleximat.es\/bn\/#\/schema\/logo\/image\/","url":"https:\/\/www.fleximat.es\/wp-content\/uploads\/2023\/11\/fleximat-logo-1.png","contentUrl":"https:\/\/www.fleximat.es\/wp-content\/uploads\/2023\/11\/fleximat-logo-1.png","width":1169,"height":289,"caption":"Fleximat"},"image":{"@id":"https:\/\/www.fleximat.es\/bn\/#\/schema\/logo\/image\/"}},{"@type":"Person","@id":"https:\/\/www.fleximat.es\/bn\/#\/schema\/person\/de8b4c68896d4a526be5f06f687775b7","name":"eloi","sameAs":["https:\/\/www.fleximat.es"],"url":"https:\/\/www.fleximat.es\/ca\/author\/eloi\/"}]}},"taxonomy_info":{"category":[{"value":1,"label":"Blog"}],"post_tag":[{"value":95,"label":"Prensaestopas pl\u00e1sticos"},{"value":96,"label":"Racores de poliamida"},{"value":97,"label":"Tubos corrugados flexibles de poliamida"},{"value":98,"label":"Veh\u00edculos industriales"}]},"featured_image_src_large":["https:\/\/www.fleximat.es\/wp-content\/uploads\/2021\/04\/vehiculos-industriales-1024x768.jpg",1024,768,true],"author_info":{"display_name":"eloi","author_link":"https:\/\/www.fleximat.es\/ca\/author\/eloi\/"},"comment_info":0,"category_info":[{"term_id":1,"name":"Blog","slug":"blog","term_group":0,"term_taxonomy_id":1,"taxonomy":"category","description":"","parent":0,"count":6,"filter":"raw","term_order":"0","cat_ID":1,"category_count":6,"category_description":"","cat_name":"Blog","category_nicename":"blog","category_parent":0}],"tag_info":[{"term_id":95,"name":"Prensaestopas pl\u00e1sticos","slug":"prensaestopas-plasticos","term_group":0,"term_taxonomy_id":95,"taxonomy":"post_tag","description":"","parent":0,"count":2,"filter":"raw","term_order":"0"},{"term_id":96,"name":"Racores de poliamida","slug":"racores-de-poliamida","term_group":0,"term_taxonomy_id":96,"taxonomy":"post_tag","description":"","parent":0,"count":1,"filter":"raw","term_order":"0"},{"term_id":97,"name":"Tubos corrugados flexibles de poliamida","slug":"tubos-corrugados-flexibles-de-poliamida","term_group":0,"term_taxonomy_id":97,"taxonomy":"post_tag","description":"","parent":0,"count":1,"filter":"raw","term_order":"0"},{"term_id":98,"name":"Veh\u00edculos industriales","slug":"vehiculos-industriales","term_group":0,"term_taxonomy_id":98,"taxonomy":"post_tag","description":"","parent":0,"count":1,"filter":"raw","term_order":"0"}],"_links":{"self":[{"href":"https:\/\/www.fleximat.es\/ca\/wp-json\/wp\/v2\/posts\/15"}],"collection":[{"href":"https:\/\/www.fleximat.es\/ca\/wp-json\/wp\/v2\/posts"}],"about":[{"href":"https:\/\/www.fleximat.es\/ca\/wp-json\/wp\/v2\/types\/post"}],"author":[{"embeddable":true,"href":"https:\/\/www.fleximat.es\/ca\/wp-json\/wp\/v2\/users\/1"}],"replies":[{"embeddable":true,"href":"https:\/\/www.fleximat.es\/ca\/wp-json\/wp\/v2\/comments?post=15"}],"version-history":[{"count":0,"href":"https:\/\/www.fleximat.es\/ca\/wp-json\/wp\/v2\/posts\/15\/revisions"}],"wp:featuredmedia":[{"embeddable":true,"href":"https:\/\/www.fleximat.es\/ca\/wp-json\/wp\/v2\/media\/2421"}],"wp:attachment":[{"href":"https:\/\/www.fleximat.es\/ca\/wp-json\/wp\/v2\/media?parent=15"}],"wp:term":[{"taxonomy":"category","embeddable":true,"href":"https:\/\/www.fleximat.es\/ca\/wp-json\/wp\/v2\/categories?post=15"},{"taxonomy":"post_tag","embeddable":true,"href":"https:\/\/www.fleximat.es\/ca\/wp-json\/wp\/v2\/tags?post=15"}],"curies":[{"name":"wp","href":"https:\/\/api.w.org\/{rel}","templated":true}]}}