{"id":1376,"date":"2022-05-16T07:57:13","date_gmt":"2022-05-16T07:57:13","guid":{"rendered":"https:\/\/fleximart.desarrollowebsonline.es\/?p=1376"},"modified":"2022-05-16T07:57:13","modified_gmt":"2022-05-16T07:57:13","slug":"tubos-y-racores-para-la-maquinaria-de-embalaje","status":"publish","type":"post","link":"https:\/\/www.fleximat.es\/nb\/tubos-y-racores-para-la-maquinaria-de-embalaje\/","title":{"rendered":"R\u00f8r og fittings for pakkemaskineri"},"content":{"rendered":"<p style=\"text-align: justify;\">Emballasjemaskineri er av avgj\u00f8rende betydning for ulike bransjer, da det bringer alle fordelene med emballasje til produktene. Gitt dette er r\u00f8rene og beslagene polyamidstykker som forbinder og beskytter p\u00e5 en sikker og profesjonell m\u00e5te for \u00e5 sikre riktig og effektiv drift av pakkemaskineriet.<\/p>\n<p style=\"text-align: justify;\">Den grunnleggende oppgaven til r\u00f8r og fittings er \u00e5 beskytte de elektriske koblingene til pakkemaskiner, samtidig som ledningene i utstyret kobles til. I tillegg er de enkle \u00e5 installere og har utmerket mekanisk motstand.<\/p>\n<p style=\"text-align: justify;\">Emballasjemaskiner kan beskytte produktet p\u00e5 mange forskjellige m\u00e5ter. De kan holde ikke bare produktet trygt, men ogs\u00e5 emballasjeprosessen, og bidra til \u00e5 sikre at produktet og pakken forblir beskyttet til de n\u00e5r forbrukeren. Det faktum at disse beskyttelsene tilbys konsekvent og p\u00e5litelig betyr at emballasjemaskineri \u00f8ker effektiviteten og produksjonen uten \u00e5 ofre produktbeskyttelsen.<\/p>\n<p style=\"text-align: justify;\">Gitt dette er det r\u00f8r og beslag som hjelper pakkemaskineriet til \u00e5 fungere ordentlig. Disse bidrar til \u00e5 opprettholde n\u00f8yaktigheten i hver prosess, i motsetning til manuelle alternativer, som kan for\u00e5rsake svingende vareresultater.<\/p>\n<h2 style=\"text-align: justify;\"><strong><img loading=\"lazy\" decoding=\"async\" class=\"aligncenter wp-image-759 size-full\" src=\"https:\/\/www.fleximat.es\/wp-content\/uploads\/2022\/02\/th_crop_1571674351racores-y-tubos-metalicos-1-e1695208817557.jpg\" alt=\"\" width=\"600\" height=\"600\" srcset=\"https:\/\/www.fleximat.es\/wp-content\/uploads\/2022\/02\/th_crop_1571674351racores-y-tubos-metalicos-1-e1695208817557-100x100.jpg 100w, https:\/\/www.fleximat.es\/wp-content\/uploads\/2022\/02\/th_crop_1571674351racores-y-tubos-metalicos-1-e1695208817557-150x150.jpg 150w\" sizes=\"(max-width: 600px) 100vw, 600px\" \/><\/strong><\/h2>\n<h2 style=\"text-align: justify;\"><strong>Den beste kvaliteten og resultater <\/strong><\/h2>\n<p style=\"text-align: justify;\">N\u00e5r vi bruker riktige og beste kvalitetsr\u00f8r og fittings i pakkemaskineri bidrar vi til \u00e5 \u00f8ke produksjonseffektiviteten.<\/p>\n<p style=\"text-align: justify;\">Derfor kan du bruke disse varene til \u00e5 pakke de spesifikke varene p\u00e5 kortest mulig tid og kanskje p\u00e5 en viss tid. Du vil legge merke til at den raskt fyller sm\u00e5 frittflytende gjenstander s\u00e5 vel som store gjenstander i mange beholdere i en enkelt syklus.<\/p>\n<p style=\"text-align: justify;\">P\u00e5 den annen side er p\u00e5litelighet og konsistens like viktige faktorer som alle andre i emballasjeindustrien. Konsistens i virksomheten din er uten tvil viktigere enn du kan forestille deg. \u00c5 v\u00e6re p\u00e5litelig lar deg etablere oppmerksomhet, bygge tillit og formidle tjenestene dine effektivt og fordelaktig. Uten det er det stor sannsynlighet for at virksomheten din mislykkes. Ved \u00e5 velge de n\u00f8dvendige r\u00f8rene og koblingene til maskinene dine, vil du sikre konstante og p\u00e5litelige resultater i hver av prosessene dine, og unng\u00e5 forsinkelser og tap av materiale.<\/p>\n<p style=\"text-align: justify;\">Det spiller ingen rolle om emballasjen er basert p\u00e5 vekt, volum, niv\u00e5 eller et annet estimat for s\u00e5 vidt. S\u00e5, pakkemaskiner vil hjelpe i alle dine behov.<\/p>\n<p style=\"text-align: justify;\">Hvis du leter etter r\u00f8r og fittings til pakkemaskinene dine, hos Fleximat har vi det beste utvalget av alternativer, med h\u00f8yeste kvalitet og de mest konkurransedyktige prisene. Siden 1998 har vi jobbet med \u00e5 utvikle og produsere produkter for \u00e5 tilfredsstille alle beskyttelses- og tilkoblingsbehov i ulike sektorer. Vi har fortjent tilliten til flere ledende selskaper p\u00e5 grunn av v\u00e5rt p\u00e5litelige arbeid og v\u00e5r konstante evne til \u00e5 bruke de beste teknologiene for \u00e5 tilby de beste l\u00f8sningene p\u00e5 markedet.<\/p>\n<p style=\"text-align: justify;\">I tillegg har vi et team som hjelper deg med \u00e5 svare p\u00e5 sp\u00f8rsm\u00e5l for \u00e5 sikre at du velger de riktige varene for dine behov.<\/p>","protected":false},"excerpt":{"rendered":"<p>Emballasjemaskineri er av vital betydning for ulike bransjer, siden det gir alle fordelene med emballasje til...<\/p>","protected":false},"author":1,"featured_media":2440,"comment_status":"open","ping_status":"open","sticky":false,"template":"","format":"standard","meta":{"_kad_blocks_custom_css":"","_kad_blocks_head_custom_js":"","_kad_blocks_body_custom_js":"","_kad_blocks_footer_custom_js":"","_kadence_starter_templates_imported_post":false,"_kad_post_transparent":"","_kad_post_title":"","_kad_post_layout":"","_kad_post_sidebar_id":"","_kad_post_content_style":"","_kad_post_vertical_padding":"","_kad_post_feature":"","_kad_post_feature_position":"","_kad_post_header":false,"_kad_post_footer":false,"footnotes":""},"categories":[110],"tags":[111],"class_list":["post-1376","post","type-post","status-publish","format-standard","has-post-thumbnail","hentry","category-proyectos","tag-tubos-y-racores"],"yoast_head":"<!-- This site is optimized with the Yoast SEO plugin v21.7 - https:\/\/yoast.com\/wordpress\/plugins\/seo\/ -->\n<title>Tubos y racores para la maquinaria de embalaje - Fleximat<\/title>\n<meta name=\"robots\" content=\"index, follow, max-snippet:-1, max-image-preview:large, max-video-preview:-1\" \/>\n<link rel=\"canonical\" href=\"https:\/\/www.fleximat.es\/nb\/tubos-y-racores-para-la-maquinaria-de-embalaje\/\" \/>\n<meta property=\"og:locale\" content=\"nb_NO\" \/>\n<meta property=\"og:type\" content=\"article\" \/>\n<meta property=\"og:title\" content=\"Tubos y racores para la maquinaria de embalaje - Fleximat\" \/>\n<meta property=\"og:description\" content=\"La maquinaria de embalaje es de vital importancia para diferentes industrias, ya que brinda todos los beneficios del envasado a...\" \/>\n<meta property=\"og:url\" content=\"https:\/\/www.fleximat.es\/nb\/tubos-y-racores-para-la-maquinaria-de-embalaje\/\" \/>\n<meta property=\"og:site_name\" content=\"Fleximat\" \/>\n<meta property=\"article:published_time\" content=\"2022-05-16T07:57:13+00:00\" \/>\n<meta property=\"og:image\" content=\"https:\/\/www.fleximat.es\/wp-content\/uploads\/2022\/05\/articulos-blog-2.jpg\" \/>\n\t<meta property=\"og:image:width\" content=\"1920\" \/>\n\t<meta property=\"og:image:height\" content=\"1080\" \/>\n\t<meta property=\"og:image:type\" content=\"image\/jpeg\" \/>\n<meta name=\"author\" content=\"eloi\" \/>\n<meta name=\"twitter:card\" content=\"summary_large_image\" \/>\n<meta name=\"twitter:label1\" content=\"Skrevet av\" \/>\n\t<meta name=\"twitter:data1\" content=\"eloi\" \/>\n\t<meta name=\"twitter:label2\" content=\"Ansl. lesetid\" \/>\n\t<meta name=\"twitter:data2\" content=\"3 minutter\" \/>\n<script type=\"application\/ld+json\" class=\"yoast-schema-graph\">{\"@context\":\"https:\/\/schema.org\",\"@graph\":[{\"@type\":\"Article\",\"@id\":\"https:\/\/www.fleximat.es\/tubos-y-racores-para-la-maquinaria-de-embalaje\/#article\",\"isPartOf\":{\"@id\":\"https:\/\/www.fleximat.es\/tubos-y-racores-para-la-maquinaria-de-embalaje\/\"},\"author\":{\"name\":\"eloi\",\"@id\":\"https:\/\/www.fleximat.es\/bn\/#\/schema\/person\/de8b4c68896d4a526be5f06f687775b7\"},\"headline\":\"Tubos y racores para la maquinaria de embalaje\",\"datePublished\":\"2022-05-16T07:57:13+00:00\",\"dateModified\":\"2022-05-16T07:57:13+00:00\",\"mainEntityOfPage\":{\"@id\":\"https:\/\/www.fleximat.es\/tubos-y-racores-para-la-maquinaria-de-embalaje\/\"},\"wordCount\":557,\"commentCount\":0,\"publisher\":{\"@id\":\"https:\/\/www.fleximat.es\/bn\/#organization\"},\"keywords\":[\"tubos y racores\"],\"articleSection\":[\"Proyectos\"],\"inLanguage\":\"nb-NO\",\"potentialAction\":[{\"@type\":\"CommentAction\",\"name\":\"Comment\",\"target\":[\"https:\/\/www.fleximat.es\/tubos-y-racores-para-la-maquinaria-de-embalaje\/#respond\"]}]},{\"@type\":\"WebPage\",\"@id\":\"https:\/\/www.fleximat.es\/tubos-y-racores-para-la-maquinaria-de-embalaje\/\",\"url\":\"https:\/\/www.fleximat.es\/tubos-y-racores-para-la-maquinaria-de-embalaje\/\",\"name\":\"Tubos y racores para la maquinaria de embalaje - Fleximat\",\"isPartOf\":{\"@id\":\"https:\/\/www.fleximat.es\/bn\/#website\"},\"datePublished\":\"2022-05-16T07:57:13+00:00\",\"dateModified\":\"2022-05-16T07:57:13+00:00\",\"breadcrumb\":{\"@id\":\"https:\/\/www.fleximat.es\/tubos-y-racores-para-la-maquinaria-de-embalaje\/#breadcrumb\"},\"inLanguage\":\"nb-NO\",\"potentialAction\":[{\"@type\":\"ReadAction\",\"target\":[\"https:\/\/www.fleximat.es\/tubos-y-racores-para-la-maquinaria-de-embalaje\/\"]}]},{\"@type\":\"BreadcrumbList\",\"@id\":\"https:\/\/www.fleximat.es\/tubos-y-racores-para-la-maquinaria-de-embalaje\/#breadcrumb\",\"itemListElement\":[{\"@type\":\"ListItem\",\"position\":1,\"name\":\"Portada\",\"item\":\"https:\/\/www.fleximat.es\/\"},{\"@type\":\"ListItem\",\"position\":2,\"name\":\"Tubos y racores para la maquinaria de embalaje\"}]},{\"@type\":\"WebSite\",\"@id\":\"https:\/\/www.fleximat.es\/bn\/#website\",\"url\":\"https:\/\/www.fleximat.es\/bn\/\",\"name\":\"Fleximat\",\"description\":\"Tu soluci\u00f3n en prensaestopas y tubos flexibles\",\"publisher\":{\"@id\":\"https:\/\/www.fleximat.es\/bn\/#organization\"},\"potentialAction\":[{\"@type\":\"SearchAction\",\"target\":{\"@type\":\"EntryPoint\",\"urlTemplate\":\"https:\/\/www.fleximat.es\/bn\/?s={search_term_string}\"},\"query-input\":\"required name=search_term_string\"}],\"inLanguage\":\"nb-NO\"},{\"@type\":\"Organization\",\"@id\":\"https:\/\/www.fleximat.es\/bn\/#organization\",\"name\":\"Fleximat\",\"url\":\"https:\/\/www.fleximat.es\/bn\/\",\"logo\":{\"@type\":\"ImageObject\",\"inLanguage\":\"nb-NO\",\"@id\":\"https:\/\/www.fleximat.es\/bn\/#\/schema\/logo\/image\/\",\"url\":\"https:\/\/www.fleximat.es\/wp-content\/uploads\/2023\/11\/fleximat-logo-1.png\",\"contentUrl\":\"https:\/\/www.fleximat.es\/wp-content\/uploads\/2023\/11\/fleximat-logo-1.png\",\"width\":1169,\"height\":289,\"caption\":\"Fleximat\"},\"image\":{\"@id\":\"https:\/\/www.fleximat.es\/bn\/#\/schema\/logo\/image\/\"}},{\"@type\":\"Person\",\"@id\":\"https:\/\/www.fleximat.es\/bn\/#\/schema\/person\/de8b4c68896d4a526be5f06f687775b7\",\"name\":\"eloi\",\"sameAs\":[\"https:\/\/www.fleximat.es\"],\"url\":\"https:\/\/www.fleximat.es\/nb\/author\/eloi\/\"}]}<\/script>\n<!-- \/ Yoast SEO plugin. -->","yoast_head_json":{"title":"Tubos y racores para la maquinaria de embalaje - Fleximat","robots":{"index":"index","follow":"follow","max-snippet":"max-snippet:-1","max-image-preview":"max-image-preview:large","max-video-preview":"max-video-preview:-1"},"canonical":"https:\/\/www.fleximat.es\/nb\/tubos-y-racores-para-la-maquinaria-de-embalaje\/","og_locale":"nb_NO","og_type":"article","og_title":"Tubos y racores para la maquinaria de embalaje - Fleximat","og_description":"La maquinaria de embalaje es de vital importancia para diferentes industrias, ya que brinda todos los beneficios del envasado a...","og_url":"https:\/\/www.fleximat.es\/nb\/tubos-y-racores-para-la-maquinaria-de-embalaje\/","og_site_name":"Fleximat","article_published_time":"2022-05-16T07:57:13+00:00","og_image":[{"width":1920,"height":1080,"url":"https:\/\/www.fleximat.es\/wp-content\/uploads\/2022\/05\/articulos-blog-2.jpg","type":"image\/jpeg"}],"author":"eloi","twitter_card":"summary_large_image","twitter_misc":{"Skrevet av":"eloi","Ansl. lesetid":"3 minutter"},"schema":{"@context":"https:\/\/schema.org","@graph":[{"@type":"Article","@id":"https:\/\/www.fleximat.es\/tubos-y-racores-para-la-maquinaria-de-embalaje\/#article","isPartOf":{"@id":"https:\/\/www.fleximat.es\/tubos-y-racores-para-la-maquinaria-de-embalaje\/"},"author":{"name":"eloi","@id":"https:\/\/www.fleximat.es\/bn\/#\/schema\/person\/de8b4c68896d4a526be5f06f687775b7"},"headline":"Tubos y racores para la maquinaria de embalaje","datePublished":"2022-05-16T07:57:13+00:00","dateModified":"2022-05-16T07:57:13+00:00","mainEntityOfPage":{"@id":"https:\/\/www.fleximat.es\/tubos-y-racores-para-la-maquinaria-de-embalaje\/"},"wordCount":557,"commentCount":0,"publisher":{"@id":"https:\/\/www.fleximat.es\/bn\/#organization"},"keywords":["tubos y racores"],"articleSection":["Proyectos"],"inLanguage":"nb-NO","potentialAction":[{"@type":"CommentAction","name":"Comment","target":["https:\/\/www.fleximat.es\/tubos-y-racores-para-la-maquinaria-de-embalaje\/#respond"]}]},{"@type":"WebPage","@id":"https:\/\/www.fleximat.es\/tubos-y-racores-para-la-maquinaria-de-embalaje\/","url":"https:\/\/www.fleximat.es\/tubos-y-racores-para-la-maquinaria-de-embalaje\/","name":"Tubos y racores para la maquinaria de embalaje - Fleximat","isPartOf":{"@id":"https:\/\/www.fleximat.es\/bn\/#website"},"datePublished":"2022-05-16T07:57:13+00:00","dateModified":"2022-05-16T07:57:13+00:00","breadcrumb":{"@id":"https:\/\/www.fleximat.es\/tubos-y-racores-para-la-maquinaria-de-embalaje\/#breadcrumb"},"inLanguage":"nb-NO","potentialAction":[{"@type":"ReadAction","target":["https:\/\/www.fleximat.es\/tubos-y-racores-para-la-maquinaria-de-embalaje\/"]}]},{"@type":"BreadcrumbList","@id":"https:\/\/www.fleximat.es\/tubos-y-racores-para-la-maquinaria-de-embalaje\/#breadcrumb","itemListElement":[{"@type":"ListItem","position":1,"name":"Portada","item":"https:\/\/www.fleximat.es\/"},{"@type":"ListItem","position":2,"name":"Tubos y racores para la maquinaria de embalaje"}]},{"@type":"WebSite","@id":"https:\/\/www.fleximat.es\/bn\/#website","url":"https:\/\/www.fleximat.es\/bn\/","name":"Fleximat","description":"Tu soluci\u00f3n en prensaestopas y tubos flexibles","publisher":{"@id":"https:\/\/www.fleximat.es\/bn\/#organization"},"potentialAction":[{"@type":"SearchAction","target":{"@type":"EntryPoint","urlTemplate":"https:\/\/www.fleximat.es\/bn\/?s={search_term_string}"},"query-input":"required name=search_term_string"}],"inLanguage":"nb-NO"},{"@type":"Organization","@id":"https:\/\/www.fleximat.es\/bn\/#organization","name":"Fleximat","url":"https:\/\/www.fleximat.es\/bn\/","logo":{"@type":"ImageObject","inLanguage":"nb-NO","@id":"https:\/\/www.fleximat.es\/bn\/#\/schema\/logo\/image\/","url":"https:\/\/www.fleximat.es\/wp-content\/uploads\/2023\/11\/fleximat-logo-1.png","contentUrl":"https:\/\/www.fleximat.es\/wp-content\/uploads\/2023\/11\/fleximat-logo-1.png","width":1169,"height":289,"caption":"Fleximat"},"image":{"@id":"https:\/\/www.fleximat.es\/bn\/#\/schema\/logo\/image\/"}},{"@type":"Person","@id":"https:\/\/www.fleximat.es\/bn\/#\/schema\/person\/de8b4c68896d4a526be5f06f687775b7","name":"eloi","sameAs":["https:\/\/www.fleximat.es"],"url":"https:\/\/www.fleximat.es\/nb\/author\/eloi\/"}]}},"taxonomy_info":{"category":[{"value":110,"label":"Proyectos"}],"post_tag":[{"value":111,"label":"tubos y racores"}]},"featured_image_src_large":["https:\/\/www.fleximat.es\/wp-content\/uploads\/2022\/05\/articulos-blog-2-1024x576.jpg",1024,576,true],"author_info":{"display_name":"eloi","author_link":"https:\/\/www.fleximat.es\/nb\/author\/eloi\/"},"comment_info":1,"category_info":[{"term_id":110,"name":"Proyectos","slug":"proyectos","term_group":0,"term_taxonomy_id":110,"taxonomy":"category","description":"","parent":0,"count":1,"filter":"raw","term_order":"0","cat_ID":110,"category_count":1,"category_description":"","cat_name":"Proyectos","category_nicename":"proyectos","category_parent":0}],"tag_info":[{"term_id":111,"name":"tubos y racores","slug":"tubos-y-racores","term_group":0,"term_taxonomy_id":111,"taxonomy":"post_tag","description":"","parent":0,"count":1,"filter":"raw","term_order":"0"}],"_links":{"self":[{"href":"https:\/\/www.fleximat.es\/nb\/wp-json\/wp\/v2\/posts\/1376"}],"collection":[{"href":"https:\/\/www.fleximat.es\/nb\/wp-json\/wp\/v2\/posts"}],"about":[{"href":"https:\/\/www.fleximat.es\/nb\/wp-json\/wp\/v2\/types\/post"}],"author":[{"embeddable":true,"href":"https:\/\/www.fleximat.es\/nb\/wp-json\/wp\/v2\/users\/1"}],"replies":[{"embeddable":true,"href":"https:\/\/www.fleximat.es\/nb\/wp-json\/wp\/v2\/comments?post=1376"}],"version-history":[{"count":0,"href":"https:\/\/www.fleximat.es\/nb\/wp-json\/wp\/v2\/posts\/1376\/revisions"}],"wp:featuredmedia":[{"embeddable":true,"href":"https:\/\/www.fleximat.es\/nb\/wp-json\/wp\/v2\/media\/2440"}],"wp:attachment":[{"href":"https:\/\/www.fleximat.es\/nb\/wp-json\/wp\/v2\/media?parent=1376"}],"wp:term":[{"taxonomy":"category","embeddable":true,"href":"https:\/\/www.fleximat.es\/nb\/wp-json\/wp\/v2\/categories?post=1376"},{"taxonomy":"post_tag","embeddable":true,"href":"https:\/\/www.fleximat.es\/nb\/wp-json\/wp\/v2\/tags?post=1376"}],"curies":[{"name":"wp","href":"https:\/\/api.w.org\/{rel}","templated":true}]}}