{"id":15,"date":"2021-04-28T12:00:45","date_gmt":"2021-04-28T12:00:45","guid":{"rendered":"https:\/\/www.fleximat.es\/blog\/?p=15"},"modified":"2021-04-28T12:00:45","modified_gmt":"2021-04-28T12:00:45","slug":"que-tipo-de-proteccion-de-cableados-para-vehiculos-industriales-ofrecemos-en-fleximat","status":"publish","type":"post","link":"https:\/\/www.fleximat.es\/nb\/que-tipo-de-proteccion-de-cableados-para-vehiculos-industriales-ofrecemos-en-fleximat\/","title":{"rendered":"Hvilken type ledningsbeskyttelse for nyttekj\u00f8ret\u00f8y tilbyr vi hos Fleximat?"},"content":{"rendered":"<p>Deretter beskriver vi punktene hvor <strong>Fleximat<\/strong> og dets beskyttelsessystem <a href=\"https:\/\/www.fleximat.es\/nb\/prensaestopas-para-cables-armados-t-108-es\/\"><strong>kablet<\/strong><\/a> hjelper industrikj\u00f8ret\u00f8yer \u00e5 utstyres med best mulig teknologi og kvalitet:<\/p>\n<ul>\n<li>Lysteknologi: Signalering og belysning av disse kj\u00f8ret\u00f8yene er n\u00f8dvendig n\u00e5r de blander seg p\u00e5 veien og effektivt deler posisjons- og man\u00f8verinformasjon.<\/li>\n<li>Elektriske kabler og v\u00e6sker: Disse store kj\u00f8ret\u00f8yene inneholder et stort antall kabler som er fordelt over hele kabinen og forlengelsen, de er ansvarlige for \u00e5 administrere kj\u00f8ret\u00f8yets kontrollenhet med delene og systemene.<\/li>\n<li>Toppkvalitetsmaterialer: P\u00e5 grunn av forholdene og bruken som denne typen kj\u00f8ret\u00f8y t\u00e5ler, er det viktig \u00e5 utstyre utstyret v\u00e5rt med best mulige l\u00f8sninger; fra spesielle legeringer til mekanismer som er spesifikke for dets utvalg, for \u00e5 sikre maksimal holdbarhet og motstand av produksjonsmaterialene.<\/li>\n<\/ul>\n<p>Produsenter av nyttekj\u00f8ret\u00f8y er klar over alle disse punktene, og det er grunnen til at de i mer enn 2 ti\u00e5r har bestemt seg for \u00e5 innlemme elementer av beskyttelse av <strong>kablet <\/strong>for kj\u00f8ret\u00f8yene dine.<\/p>\n<h2><strong>Beskyttelse av ledninger i industrikj\u00f8ret\u00f8y<\/strong><\/h2>\n<p>Nyttekj\u00f8ret\u00f8yer er en vesentlig del av virksomhetens virksomhet og kjennetegnes ved sin store st\u00f8rrelse. De er designet for \u00e5 transportere materiell og redskaper som er n\u00f8dvendige for \u00e5 utf\u00f8re arbeidet og kan klassifiseres i flere typer, for eksempel lastebiler, leddbiler, vogntog, busser og spesialkj\u00f8ret\u00f8yer.<\/p>\n<p>Disse spesialkj\u00f8ret\u00f8yene skiller seg ut fra alle andre kj\u00f8ret\u00f8y i flere aspekter:<\/p>\n<ul>\n<li>Amplitude: Vi kan forst\u00e5 amplituden som lastekapasitet eller plass aktivert for transport av de aktuelle varene.<\/li>\n<li>Utvalgsmangfold: Industrikj\u00f8ret\u00f8yer er applikasjonsspesifikke og funksjonaliteten er sv\u00e6rt h\u00f8y. For mange typer transport finnes det kj\u00f8ret\u00f8y spesiallaget for dette.<\/li>\n<li>Ytelse og forbruk: Motoren som brukes i disse kj\u00f8ret\u00f8yene gir balanse i forholdet mellom drivstofforbruk og ytelse.<\/li>\n<li>Sikkerhet: Flere og flere sikkerhetstiltak iverksettes som bidrar til \u00e5 unng\u00e5 enhver type ulykke og, hvis den inntreffer, gj\u00f8r den s\u00e5 liten som mulig. Filskiftedetektorer, kj\u00f8reassistenter, automatisk bremsing og alle typer kontroller og elektroniske hjelpemidler...<\/li>\n<\/ul>\n<h2><strong>Fleximat ledningsbeskyttelsessystem for biler<\/strong><\/h2>\n<p>I Fleximat, beskyttelsessystemet <strong>kablet<\/strong> for automotive best\u00e5r av f\u00f8lgende produkter, alle med spesifikke funksjoner og bruksomr\u00e5der. Disse materialene kan og brukes sammen regelmessig, noe som resulterer i total beskyttelse og tilkobling for kj\u00f8ret\u00f8yledninger.<\/p>\n<p><a href=\"https:\/\/www.fleximat.es\/nb\/tubos-metalicos-pvc-t-58-es\/\"><strong>Polyamid fleksible korrugerte r\u00f8r<\/strong><\/a><strong>:<\/strong> Viktig element for \u00e5 dekke og beskytte kabler av alle typer. Det er den mest brukte l\u00f8sningen, og vi har et bredt utvalg av materialer avhengig av kj\u00f8ret\u00f8yet ditt. N\u00f8kkelelementer: Enkel \u00e5 installere og h\u00f8y mekanisk motstand.<\/p>\n<p><a href=\"https:\/\/www.fleximat.es\/nb\/racor-de-poliamida-t-52-es\/\"><strong>Polyamidbeslag<\/strong><\/a><strong>:<\/strong> Det er et tilbeh\u00f8r til det korrugerte polyamidr\u00f8ret, og kobles enkelt til r\u00f8ret med et enkelt klikk. I den andre enden er den gjenget til koblingsboksen og sikrer IP68 vanntetthet av sammenstillingen. N\u00f8kkelelementer: H\u00f8y motstand mot UV-str\u00e5ler, omfattende og tilpassbar rekkevidde.<\/p>\n<p><a href=\"https:\/\/www.fleximat.es\/nb\/soporte-para-tubo-poliamida-t-53-es\/\"><strong>St\u00f8tter med lokk for polyamidr\u00f8r<\/strong><\/a><strong>: <\/strong>Fleksibelt r\u00f8rtilbeh\u00f8r som gj\u00f8r det enkelt \u00e5 styre r\u00f8ret. L\u00f8sningen anbefales sterkt og verdsatt av produsentene. Av dem fremhever vi deres enkle design og stivhet.<\/p>\n<p><strong>Polyamidderivater:<\/strong> R\u00f8rtilbeh\u00f8r, dens funksjon er \u00e5 fordele eller fordele kablene og opprettholde en sikker og vanntett installasjon. Veldig rask installasjon og et bredt utvalg av former og st\u00f8rrelser.<\/p>\n<p><a href=\"https:\/\/www.fleximat.es\/nb\/prensaestopas-accesorios-plasticos-de-poliamida-t-5-es\/\"><strong>Kabelgjennomf\u00f8ringer av plast<\/strong><\/a><strong>:<\/strong> Mekanisk kobling og beskyttelseselement som tres inn i utstyret og festes til den elektriske kabelen. Spesielt brukt i belysning av industrikj\u00f8ret\u00f8y. Den er tilgjengelig i tre farger og en rekke tr\u00e5der og st\u00f8rrelser for forskjellige kabeldiametre.<\/p>\n<p>Hvis du \u00f8nsker \u00e5 motta mer informasjon om v\u00e5re produkter eller trenger r\u00e5d for beskyttelse av din <strong>kablet<\/strong>, Ta gjerne kontakt med oss.<\/p>\n<p>&nbsp;<\/p>","protected":false},"excerpt":{"rendered":"<p>Nedenfor beskriver vi punktene der Fleximat og dets ledningsbeskyttelsessystem hjelper industrikj\u00f8ret\u00f8yer \u00e5...<\/p>","protected":false},"author":1,"featured_media":2421,"comment_status":"open","ping_status":"open","sticky":false,"template":"","format":"standard","meta":{"_kad_blocks_custom_css":"","_kad_blocks_head_custom_js":"","_kad_blocks_body_custom_js":"","_kad_blocks_footer_custom_js":"","_kadence_starter_templates_imported_post":false,"_kad_post_transparent":"","_kad_post_title":"","_kad_post_layout":"","_kad_post_sidebar_id":"","_kad_post_content_style":"","_kad_post_vertical_padding":"","_kad_post_feature":"","_kad_post_feature_position":"","_kad_post_header":false,"_kad_post_footer":false,"footnotes":""},"categories":[1],"tags":[95,96,97,98],"class_list":["post-15","post","type-post","status-publish","format-standard","has-post-thumbnail","hentry","category-blog","tag-prensaestopas-plasticos","tag-racores-de-poliamida","tag-tubos-corrugados-flexibles-de-poliamida","tag-vehiculos-industriales"],"yoast_head":"<!-- This site is optimized with the Yoast SEO plugin v21.7 - https:\/\/yoast.com\/wordpress\/plugins\/seo\/ -->\n<title>\u00bfQu\u00e9 tipo de protecci\u00f3n de cableados para veh\u00edculos industriales ofrecemos en Fleximat? - Fleximat<\/title>\n<meta name=\"robots\" content=\"index, follow, max-snippet:-1, max-image-preview:large, max-video-preview:-1\" \/>\n<link rel=\"canonical\" href=\"https:\/\/www.fleximat.es\/nb\/que-tipo-de-proteccion-de-cableados-para-vehiculos-industriales-ofrecemos-en-fleximat\/\" \/>\n<meta property=\"og:locale\" content=\"nb_NO\" \/>\n<meta property=\"og:type\" content=\"article\" \/>\n<meta property=\"og:title\" content=\"\u00bfQu\u00e9 tipo de protecci\u00f3n de cableados para veh\u00edculos industriales ofrecemos en Fleximat? - Fleximat\" \/>\n<meta property=\"og:description\" content=\"A continuaci\u00f3n, detallamos los puntos donde Fleximat y su sistema de protecci\u00f3n de cableados ayuda a los veh\u00edculos industriales a...\" \/>\n<meta property=\"og:url\" content=\"https:\/\/www.fleximat.es\/nb\/que-tipo-de-proteccion-de-cableados-para-vehiculos-industriales-ofrecemos-en-fleximat\/\" \/>\n<meta property=\"og:site_name\" content=\"Fleximat\" \/>\n<meta property=\"article:published_time\" content=\"2021-04-28T12:00:45+00:00\" \/>\n<meta property=\"og:image\" content=\"https:\/\/www.fleximat.es\/wp-content\/uploads\/2021\/04\/vehiculos-industriales.jpg\" \/>\n\t<meta property=\"og:image:width\" content=\"1280\" \/>\n\t<meta property=\"og:image:height\" content=\"960\" \/>\n\t<meta property=\"og:image:type\" content=\"image\/jpeg\" \/>\n<meta name=\"author\" content=\"eloi\" \/>\n<meta name=\"twitter:card\" content=\"summary_large_image\" \/>\n<meta name=\"twitter:label1\" content=\"Skrevet av\" \/>\n\t<meta name=\"twitter:data1\" content=\"eloi\" \/>\n\t<meta name=\"twitter:label2\" content=\"Ansl. lesetid\" \/>\n\t<meta name=\"twitter:data2\" content=\"4 minutter\" \/>\n<script type=\"application\/ld+json\" class=\"yoast-schema-graph\">{\"@context\":\"https:\/\/schema.org\",\"@graph\":[{\"@type\":\"Article\",\"@id\":\"https:\/\/www.fleximat.es\/it\/que-tipo-de-proteccion-de-cableados-para-vehiculos-industriales-ofrecemos-en-fleximat\/#article\",\"isPartOf\":{\"@id\":\"https:\/\/www.fleximat.es\/it\/que-tipo-de-proteccion-de-cableados-para-vehiculos-industriales-ofrecemos-en-fleximat\/\"},\"author\":{\"name\":\"eloi\",\"@id\":\"https:\/\/www.fleximat.es\/bn\/#\/schema\/person\/de8b4c68896d4a526be5f06f687775b7\"},\"headline\":\"\u00bfQu\u00e9 tipo de protecci\u00f3n de cableados para veh\u00edculos industriales ofrecemos en Fleximat?\",\"datePublished\":\"2021-04-28T12:00:45+00:00\",\"dateModified\":\"2021-04-28T12:00:45+00:00\",\"mainEntityOfPage\":{\"@id\":\"https:\/\/www.fleximat.es\/it\/que-tipo-de-proteccion-de-cableados-para-vehiculos-industriales-ofrecemos-en-fleximat\/\"},\"wordCount\":737,\"commentCount\":0,\"publisher\":{\"@id\":\"https:\/\/www.fleximat.es\/bn\/#organization\"},\"keywords\":[\"Prensaestopas pl\u00e1sticos\",\"Racores de poliamida\",\"Tubos corrugados flexibles de poliamida\",\"Veh\u00edculos industriales\"],\"articleSection\":[\"Blog\"],\"inLanguage\":\"nb-NO\",\"potentialAction\":[{\"@type\":\"CommentAction\",\"name\":\"Comment\",\"target\":[\"https:\/\/www.fleximat.es\/it\/que-tipo-de-proteccion-de-cableados-para-vehiculos-industriales-ofrecemos-en-fleximat\/#respond\"]}]},{\"@type\":\"WebPage\",\"@id\":\"https:\/\/www.fleximat.es\/it\/que-tipo-de-proteccion-de-cableados-para-vehiculos-industriales-ofrecemos-en-fleximat\/\",\"url\":\"https:\/\/www.fleximat.es\/it\/que-tipo-de-proteccion-de-cableados-para-vehiculos-industriales-ofrecemos-en-fleximat\/\",\"name\":\"\u00bfQu\u00e9 tipo de protecci\u00f3n de cableados para veh\u00edculos industriales ofrecemos en Fleximat? - Fleximat\",\"isPartOf\":{\"@id\":\"https:\/\/www.fleximat.es\/bn\/#website\"},\"datePublished\":\"2021-04-28T12:00:45+00:00\",\"dateModified\":\"2021-04-28T12:00:45+00:00\",\"breadcrumb\":{\"@id\":\"https:\/\/www.fleximat.es\/it\/que-tipo-de-proteccion-de-cableados-para-vehiculos-industriales-ofrecemos-en-fleximat\/#breadcrumb\"},\"inLanguage\":\"nb-NO\",\"potentialAction\":[{\"@type\":\"ReadAction\",\"target\":[\"https:\/\/www.fleximat.es\/it\/que-tipo-de-proteccion-de-cableados-para-vehiculos-industriales-ofrecemos-en-fleximat\/\"]}]},{\"@type\":\"BreadcrumbList\",\"@id\":\"https:\/\/www.fleximat.es\/it\/que-tipo-de-proteccion-de-cableados-para-vehiculos-industriales-ofrecemos-en-fleximat\/#breadcrumb\",\"itemListElement\":[{\"@type\":\"ListItem\",\"position\":1,\"name\":\"Portada\",\"item\":\"https:\/\/www.fleximat.es\/\"},{\"@type\":\"ListItem\",\"position\":2,\"name\":\"\u00bfQu\u00e9 tipo de protecci\u00f3n de cableados para veh\u00edculos industriales ofrecemos en Fleximat?\"}]},{\"@type\":\"WebSite\",\"@id\":\"https:\/\/www.fleximat.es\/bn\/#website\",\"url\":\"https:\/\/www.fleximat.es\/bn\/\",\"name\":\"Fleximat\",\"description\":\"Tu soluci\u00f3n en prensaestopas y tubos flexibles\",\"publisher\":{\"@id\":\"https:\/\/www.fleximat.es\/bn\/#organization\"},\"potentialAction\":[{\"@type\":\"SearchAction\",\"target\":{\"@type\":\"EntryPoint\",\"urlTemplate\":\"https:\/\/www.fleximat.es\/bn\/?s={search_term_string}\"},\"query-input\":\"required name=search_term_string\"}],\"inLanguage\":\"nb-NO\"},{\"@type\":\"Organization\",\"@id\":\"https:\/\/www.fleximat.es\/bn\/#organization\",\"name\":\"Fleximat\",\"url\":\"https:\/\/www.fleximat.es\/bn\/\",\"logo\":{\"@type\":\"ImageObject\",\"inLanguage\":\"nb-NO\",\"@id\":\"https:\/\/www.fleximat.es\/bn\/#\/schema\/logo\/image\/\",\"url\":\"https:\/\/www.fleximat.es\/wp-content\/uploads\/2023\/11\/fleximat-logo-1.png\",\"contentUrl\":\"https:\/\/www.fleximat.es\/wp-content\/uploads\/2023\/11\/fleximat-logo-1.png\",\"width\":1169,\"height\":289,\"caption\":\"Fleximat\"},\"image\":{\"@id\":\"https:\/\/www.fleximat.es\/bn\/#\/schema\/logo\/image\/\"}},{\"@type\":\"Person\",\"@id\":\"https:\/\/www.fleximat.es\/bn\/#\/schema\/person\/de8b4c68896d4a526be5f06f687775b7\",\"name\":\"eloi\",\"sameAs\":[\"https:\/\/www.fleximat.es\"],\"url\":\"https:\/\/www.fleximat.es\/nb\/author\/eloi\/\"}]}<\/script>\n<!-- \/ Yoast SEO plugin. -->","yoast_head_json":{"title":"\u00bfQu\u00e9 tipo de protecci\u00f3n de cableados para veh\u00edculos industriales ofrecemos en Fleximat? - Fleximat","robots":{"index":"index","follow":"follow","max-snippet":"max-snippet:-1","max-image-preview":"max-image-preview:large","max-video-preview":"max-video-preview:-1"},"canonical":"https:\/\/www.fleximat.es\/nb\/que-tipo-de-proteccion-de-cableados-para-vehiculos-industriales-ofrecemos-en-fleximat\/","og_locale":"nb_NO","og_type":"article","og_title":"\u00bfQu\u00e9 tipo de protecci\u00f3n de cableados para veh\u00edculos industriales ofrecemos en Fleximat? - Fleximat","og_description":"A continuaci\u00f3n, detallamos los puntos donde Fleximat y su sistema de protecci\u00f3n de cableados ayuda a los veh\u00edculos industriales a...","og_url":"https:\/\/www.fleximat.es\/nb\/que-tipo-de-proteccion-de-cableados-para-vehiculos-industriales-ofrecemos-en-fleximat\/","og_site_name":"Fleximat","article_published_time":"2021-04-28T12:00:45+00:00","og_image":[{"width":1280,"height":960,"url":"https:\/\/www.fleximat.es\/wp-content\/uploads\/2021\/04\/vehiculos-industriales.jpg","type":"image\/jpeg"}],"author":"eloi","twitter_card":"summary_large_image","twitter_misc":{"Skrevet av":"eloi","Ansl. lesetid":"4 minutter"},"schema":{"@context":"https:\/\/schema.org","@graph":[{"@type":"Article","@id":"https:\/\/www.fleximat.es\/it\/que-tipo-de-proteccion-de-cableados-para-vehiculos-industriales-ofrecemos-en-fleximat\/#article","isPartOf":{"@id":"https:\/\/www.fleximat.es\/it\/que-tipo-de-proteccion-de-cableados-para-vehiculos-industriales-ofrecemos-en-fleximat\/"},"author":{"name":"eloi","@id":"https:\/\/www.fleximat.es\/bn\/#\/schema\/person\/de8b4c68896d4a526be5f06f687775b7"},"headline":"\u00bfQu\u00e9 tipo de protecci\u00f3n de cableados para veh\u00edculos industriales ofrecemos en Fleximat?","datePublished":"2021-04-28T12:00:45+00:00","dateModified":"2021-04-28T12:00:45+00:00","mainEntityOfPage":{"@id":"https:\/\/www.fleximat.es\/it\/que-tipo-de-proteccion-de-cableados-para-vehiculos-industriales-ofrecemos-en-fleximat\/"},"wordCount":737,"commentCount":0,"publisher":{"@id":"https:\/\/www.fleximat.es\/bn\/#organization"},"keywords":["Prensaestopas pl\u00e1sticos","Racores de poliamida","Tubos corrugados flexibles de poliamida","Veh\u00edculos industriales"],"articleSection":["Blog"],"inLanguage":"nb-NO","potentialAction":[{"@type":"CommentAction","name":"Comment","target":["https:\/\/www.fleximat.es\/it\/que-tipo-de-proteccion-de-cableados-para-vehiculos-industriales-ofrecemos-en-fleximat\/#respond"]}]},{"@type":"WebPage","@id":"https:\/\/www.fleximat.es\/it\/que-tipo-de-proteccion-de-cableados-para-vehiculos-industriales-ofrecemos-en-fleximat\/","url":"https:\/\/www.fleximat.es\/it\/que-tipo-de-proteccion-de-cableados-para-vehiculos-industriales-ofrecemos-en-fleximat\/","name":"\u00bfQu\u00e9 tipo de protecci\u00f3n de cableados para veh\u00edculos industriales ofrecemos en Fleximat? - Fleximat","isPartOf":{"@id":"https:\/\/www.fleximat.es\/bn\/#website"},"datePublished":"2021-04-28T12:00:45+00:00","dateModified":"2021-04-28T12:00:45+00:00","breadcrumb":{"@id":"https:\/\/www.fleximat.es\/it\/que-tipo-de-proteccion-de-cableados-para-vehiculos-industriales-ofrecemos-en-fleximat\/#breadcrumb"},"inLanguage":"nb-NO","potentialAction":[{"@type":"ReadAction","target":["https:\/\/www.fleximat.es\/it\/que-tipo-de-proteccion-de-cableados-para-vehiculos-industriales-ofrecemos-en-fleximat\/"]}]},{"@type":"BreadcrumbList","@id":"https:\/\/www.fleximat.es\/it\/que-tipo-de-proteccion-de-cableados-para-vehiculos-industriales-ofrecemos-en-fleximat\/#breadcrumb","itemListElement":[{"@type":"ListItem","position":1,"name":"Portada","item":"https:\/\/www.fleximat.es\/"},{"@type":"ListItem","position":2,"name":"\u00bfQu\u00e9 tipo de protecci\u00f3n de cableados para veh\u00edculos industriales ofrecemos en Fleximat?"}]},{"@type":"WebSite","@id":"https:\/\/www.fleximat.es\/bn\/#website","url":"https:\/\/www.fleximat.es\/bn\/","name":"Fleximat","description":"Tu soluci\u00f3n en prensaestopas y tubos flexibles","publisher":{"@id":"https:\/\/www.fleximat.es\/bn\/#organization"},"potentialAction":[{"@type":"SearchAction","target":{"@type":"EntryPoint","urlTemplate":"https:\/\/www.fleximat.es\/bn\/?s={search_term_string}"},"query-input":"required name=search_term_string"}],"inLanguage":"nb-NO"},{"@type":"Organization","@id":"https:\/\/www.fleximat.es\/bn\/#organization","name":"Fleximat","url":"https:\/\/www.fleximat.es\/bn\/","logo":{"@type":"ImageObject","inLanguage":"nb-NO","@id":"https:\/\/www.fleximat.es\/bn\/#\/schema\/logo\/image\/","url":"https:\/\/www.fleximat.es\/wp-content\/uploads\/2023\/11\/fleximat-logo-1.png","contentUrl":"https:\/\/www.fleximat.es\/wp-content\/uploads\/2023\/11\/fleximat-logo-1.png","width":1169,"height":289,"caption":"Fleximat"},"image":{"@id":"https:\/\/www.fleximat.es\/bn\/#\/schema\/logo\/image\/"}},{"@type":"Person","@id":"https:\/\/www.fleximat.es\/bn\/#\/schema\/person\/de8b4c68896d4a526be5f06f687775b7","name":"eloi","sameAs":["https:\/\/www.fleximat.es"],"url":"https:\/\/www.fleximat.es\/nb\/author\/eloi\/"}]}},"taxonomy_info":{"category":[{"value":1,"label":"Blog"}],"post_tag":[{"value":95,"label":"Prensaestopas pl\u00e1sticos"},{"value":96,"label":"Racores de poliamida"},{"value":97,"label":"Tubos corrugados flexibles de poliamida"},{"value":98,"label":"Veh\u00edculos industriales"}]},"featured_image_src_large":["https:\/\/www.fleximat.es\/wp-content\/uploads\/2021\/04\/vehiculos-industriales-1024x768.jpg",1024,768,true],"author_info":{"display_name":"eloi","author_link":"https:\/\/www.fleximat.es\/nb\/author\/eloi\/"},"comment_info":0,"category_info":[{"term_id":1,"name":"Blog","slug":"blog","term_group":0,"term_taxonomy_id":1,"taxonomy":"category","description":"","parent":0,"count":6,"filter":"raw","term_order":"0","cat_ID":1,"category_count":6,"category_description":"","cat_name":"Blog","category_nicename":"blog","category_parent":0}],"tag_info":[{"term_id":95,"name":"Prensaestopas pl\u00e1sticos","slug":"prensaestopas-plasticos","term_group":0,"term_taxonomy_id":95,"taxonomy":"post_tag","description":"","parent":0,"count":2,"filter":"raw","term_order":"0"},{"term_id":96,"name":"Racores de poliamida","slug":"racores-de-poliamida","term_group":0,"term_taxonomy_id":96,"taxonomy":"post_tag","description":"","parent":0,"count":1,"filter":"raw","term_order":"0"},{"term_id":97,"name":"Tubos corrugados flexibles de poliamida","slug":"tubos-corrugados-flexibles-de-poliamida","term_group":0,"term_taxonomy_id":97,"taxonomy":"post_tag","description":"","parent":0,"count":1,"filter":"raw","term_order":"0"},{"term_id":98,"name":"Veh\u00edculos industriales","slug":"vehiculos-industriales","term_group":0,"term_taxonomy_id":98,"taxonomy":"post_tag","description":"","parent":0,"count":1,"filter":"raw","term_order":"0"}],"_links":{"self":[{"href":"https:\/\/www.fleximat.es\/nb\/wp-json\/wp\/v2\/posts\/15"}],"collection":[{"href":"https:\/\/www.fleximat.es\/nb\/wp-json\/wp\/v2\/posts"}],"about":[{"href":"https:\/\/www.fleximat.es\/nb\/wp-json\/wp\/v2\/types\/post"}],"author":[{"embeddable":true,"href":"https:\/\/www.fleximat.es\/nb\/wp-json\/wp\/v2\/users\/1"}],"replies":[{"embeddable":true,"href":"https:\/\/www.fleximat.es\/nb\/wp-json\/wp\/v2\/comments?post=15"}],"version-history":[{"count":0,"href":"https:\/\/www.fleximat.es\/nb\/wp-json\/wp\/v2\/posts\/15\/revisions"}],"wp:featuredmedia":[{"embeddable":true,"href":"https:\/\/www.fleximat.es\/nb\/wp-json\/wp\/v2\/media\/2421"}],"wp:attachment":[{"href":"https:\/\/www.fleximat.es\/nb\/wp-json\/wp\/v2\/media?parent=15"}],"wp:term":[{"taxonomy":"category","embeddable":true,"href":"https:\/\/www.fleximat.es\/nb\/wp-json\/wp\/v2\/categories?post=15"},{"taxonomy":"post_tag","embeddable":true,"href":"https:\/\/www.fleximat.es\/nb\/wp-json\/wp\/v2\/tags?post=15"}],"curies":[{"name":"wp","href":"https:\/\/api.w.org\/{rel}","templated":true}]}}