{"id":2139,"date":"2022-06-02T10:02:04","date_gmt":"2022-06-02T10:02:04","guid":{"rendered":"https:\/\/www.fleximat.es\/blog\/?p=116"},"modified":"2022-06-02T10:02:04","modified_gmt":"2022-06-02T10:02:04","slug":"prensaestopas-plasticos-para-que-sirven-y-como-son","status":"publish","type":"post","link":"https:\/\/www.fleximat.es\/nl\/prensaestopas-plasticos-para-que-sirven-y-como-son\/","title":{"rendered":"Kunststof kabelwartels: waar dienen ze voor en hoe zien ze eruit?"},"content":{"rendered":"<p style=\"text-align: justify;\">De <a href=\"https:\/\/www.fleximat.es\/nl\/prensaestopas-accesorios-plasticos-de-poliamida-t-5-es\/\"><strong>kunststof kabelwartels<\/strong><\/a> Ze worden in een aantal elektrische toepassingen en systemen gebruikt, maar waar worden ze eigenlijk voor gebruikt? In dit artikel bespreken we het doel van <strong>kunststof kabelwartels<\/strong>, waar ze worden gebruikt en hoe ze worden gebouwd.<\/p>\n<p style=\"text-align: justify;\">De <strong>kunststof kabelwartels<\/strong> Ze worden doorgaans gebruikt in kabelformaten van 1 mm tot ongeveer 80 mm kabeldiameter. De <strong>kunststof kabelwartels<\/strong> Ze worden ook wel kabelbinders, kabelverbinders, kabelaccessoires of kabeltrekontlastingen genoemd.<\/p>\n<p style=\"text-align: justify;\">De <strong>kunststof kabelwartels<\/strong> Ze worden gedefinieerd als een mechanisch ingangspunt voor een elektrische kabel in een elektrisch systeem of paneel. Ze worden gebruikt in combinatie met elektrische kabels of bedrading in verschillende systemen. De <strong>kunststof kabelwartels<\/strong> Ze bieden een veilige toegang voor een elektrische kabel in behuizingen zoals elektrische panelen of instrumentatiepanelen. Ze bieden afdichting, veiligheid en bescherming aan elektrische systemen, kabels en behuizingen. De <strong>kunststof kabelwartels<\/strong> Ze houden een kabel vast bij de buitenmantel om de behuizing te beschermen tegen het binnendringen van stof, water en vuil.<\/p>\n<p>&nbsp;<\/p>\n<p>&nbsp;<\/p>\n<h2 style=\"text-align: justify;\">Wat is het doel van de <strong>kunststof kabelwartels<\/strong>?<\/h2>\n<p style=\"text-align: justify;\">Het hoofddoel van de <strong>kunststof kabelwartels<\/strong> is bedoeld om een elektrisch systeem of onderdeel bij het kabelingangspunt te beschermen. Ze beschermen tegen stof, binnendringend water en vuil dat het paneel of de kast binnendringt waar de kabel binnenkomt. Ze houden ook de kabel vast en zorgen ervoor dat deze niet uit de aansluitingen kan komen als de kabel vast komt te zitten of eraan wordt getrokken.<\/p>\n<p style=\"text-align: justify;\">De <strong>kunststof kabelwartels<\/strong> Ze bieden bescherming tegen de omgeving waarin ze zich bevinden: Als een kabelinvoerpunt zich in een natte of stoffige omgeving bevindt, beschermen kabelwartels tegen het binnendringen van water, stof of vuil. Een van de belangrijkste doelen is om een elektrisch paneel of instrumentenpaneel schoon en vrij van binnendringend vocht\/water te houden.<\/p>\n<p style=\"text-align: justify;\">Verder is de <strong>kunststof kabelwartels<\/strong> Zorg voor een veilige kabelondersteuning. De <strong>kunststof kabelwartels<\/strong> Ze zijn bevestigd aan de buitenmantel van de kabel. Hierdoor houden ze de kabel stevig op zijn plaats en bieden ze bescherming tegen het wegglijden of draaien van de kabel.<\/p>\n<p style=\"text-align: justify;\">De <strong>kunststof kabelwartels<\/strong> Ze bieden een extreem hoog afdichtingsniveau wanneer de juiste maat pakkingbussen worden gebruikt en ge\u00efnstalleerd.<\/p>\n<p style=\"text-align: justify;\">De <strong>kunststof kabelwartels<\/strong> Ze worden gebruikt in elektrische panelen en instrumentatiepanelen waarvoor kabelinvoer vereist is. Ze zijn te vinden op bijna elk elektrisch paneel dat u kunt vinden. Elektrische panelen voor machines kunnen zich in vochtige fabrieksomgevingen bevinden of buiten aan alle weersomstandigheden worden blootgesteld. Zo ook de <strong>kunststof kabelwartels<\/strong> Ze kunnen worden gebruikt in toepassingen waar agressieve chemicali\u00ebn of veel water worden gebruikt. Dit type pakkingbus is corrosiebestendig en biedt toch een hoge afdichting.<\/p>","protected":false},"excerpt":{"rendered":"<p>Kunststof kabelwartels worden in een aantal elektrische toepassingen en systemen gebruikt, maar waar worden ze eigenlijk voor gebruikt? In\u2026<\/p>","protected":false},"author":1,"featured_media":1134,"comment_status":"open","ping_status":"open","sticky":false,"template":"","format":"standard","meta":{"_kad_blocks_custom_css":"","_kad_blocks_head_custom_js":"","_kad_blocks_body_custom_js":"","_kad_blocks_footer_custom_js":"","_kadence_starter_templates_imported_post":false,"_kad_post_transparent":"","_kad_post_title":"","_kad_post_layout":"","_kad_post_sidebar_id":"","_kad_post_content_style":"","_kad_post_vertical_padding":"","_kad_post_feature":"","_kad_post_feature_position":"","_kad_post_header":false,"_kad_post_footer":false,"footnotes":""},"categories":[102],"tags":[95],"class_list":["post-2139","post","type-post","status-publish","format-standard","has-post-thumbnail","hentry","category-proteccion-de-cableados","tag-prensaestopas-plasticos"],"yoast_head":"<!-- This site is optimized with the Yoast SEO plugin v21.7 - https:\/\/yoast.com\/wordpress\/plugins\/seo\/ -->\n<title>Prensaestopas pl\u00e1sticos: \u00bfPara qu\u00e9 sirven y c\u00f3mo son? - Fleximat<\/title>\n<meta name=\"robots\" content=\"index, follow, max-snippet:-1, max-image-preview:large, max-video-preview:-1\" \/>\n<link rel=\"canonical\" href=\"https:\/\/www.fleximat.es\/nl\/prensaestopas-plasticos-para-que-sirven-y-como-son\/\" \/>\n<meta property=\"og:locale\" content=\"nl_NL\" \/>\n<meta property=\"og:type\" content=\"article\" \/>\n<meta property=\"og:title\" content=\"Prensaestopas pl\u00e1sticos: \u00bfPara qu\u00e9 sirven y c\u00f3mo son? - Fleximat\" \/>\n<meta property=\"og:description\" content=\"Los prensaestopas pl\u00e1sticos se utilizan en una serie de aplicaciones y sistemas el\u00e9ctricos, pero \u00bfpara qu\u00e9 se utilizan realmente? En...\" \/>\n<meta property=\"og:url\" content=\"https:\/\/www.fleximat.es\/nl\/prensaestopas-plasticos-para-que-sirven-y-como-son\/\" \/>\n<meta property=\"og:site_name\" content=\"Fleximat\" \/>\n<meta property=\"article:published_time\" content=\"2022-06-02T10:02:04+00:00\" \/>\n<meta property=\"og:image\" content=\"https:\/\/www.fleximat.es\/wp-content\/uploads\/2022\/04\/Prensaestopas-plasticos.png\" \/>\n\t<meta property=\"og:image:width\" content=\"1534\" \/>\n\t<meta property=\"og:image:height\" content=\"1022\" \/>\n\t<meta property=\"og:image:type\" content=\"image\/png\" \/>\n<meta name=\"author\" content=\"eloi\" \/>\n<meta name=\"twitter:card\" content=\"summary_large_image\" \/>\n<meta name=\"twitter:label1\" content=\"Geschreven door\" \/>\n\t<meta name=\"twitter:data1\" content=\"eloi\" \/>\n\t<meta name=\"twitter:label2\" content=\"Geschatte leestijd\" \/>\n\t<meta name=\"twitter:data2\" content=\"3 minuten\" \/>\n<script type=\"application\/ld+json\" class=\"yoast-schema-graph\">{\"@context\":\"https:\/\/schema.org\",\"@graph\":[{\"@type\":\"Article\",\"@id\":\"https:\/\/www.fleximat.es\/prensaestopas-plasticos-para-que-sirven-y-como-son\/#article\",\"isPartOf\":{\"@id\":\"https:\/\/www.fleximat.es\/prensaestopas-plasticos-para-que-sirven-y-como-son\/\"},\"author\":{\"name\":\"eloi\",\"@id\":\"https:\/\/www.fleximat.es\/bn\/#\/schema\/person\/de8b4c68896d4a526be5f06f687775b7\"},\"headline\":\"Prensaestopas pl\u00e1sticos: \u00bfPara qu\u00e9 sirven y c\u00f3mo son?\",\"datePublished\":\"2022-06-02T10:02:04+00:00\",\"dateModified\":\"2022-06-02T10:02:04+00:00\",\"mainEntityOfPage\":{\"@id\":\"https:\/\/www.fleximat.es\/prensaestopas-plasticos-para-que-sirven-y-como-son\/\"},\"wordCount\":518,\"commentCount\":0,\"publisher\":{\"@id\":\"https:\/\/www.fleximat.es\/bn\/#organization\"},\"keywords\":[\"Prensaestopas pl\u00e1sticos\"],\"articleSection\":[\"Protecci\u00f3n de cableados\"],\"inLanguage\":\"nl-NL\",\"potentialAction\":[{\"@type\":\"CommentAction\",\"name\":\"Comment\",\"target\":[\"https:\/\/www.fleximat.es\/prensaestopas-plasticos-para-que-sirven-y-como-son\/#respond\"]}]},{\"@type\":\"WebPage\",\"@id\":\"https:\/\/www.fleximat.es\/prensaestopas-plasticos-para-que-sirven-y-como-son\/\",\"url\":\"https:\/\/www.fleximat.es\/prensaestopas-plasticos-para-que-sirven-y-como-son\/\",\"name\":\"Prensaestopas pl\u00e1sticos: \u00bfPara qu\u00e9 sirven y c\u00f3mo son? - Fleximat\",\"isPartOf\":{\"@id\":\"https:\/\/www.fleximat.es\/bn\/#website\"},\"datePublished\":\"2022-06-02T10:02:04+00:00\",\"dateModified\":\"2022-06-02T10:02:04+00:00\",\"breadcrumb\":{\"@id\":\"https:\/\/www.fleximat.es\/prensaestopas-plasticos-para-que-sirven-y-como-son\/#breadcrumb\"},\"inLanguage\":\"nl-NL\",\"potentialAction\":[{\"@type\":\"ReadAction\",\"target\":[\"https:\/\/www.fleximat.es\/prensaestopas-plasticos-para-que-sirven-y-como-son\/\"]}]},{\"@type\":\"BreadcrumbList\",\"@id\":\"https:\/\/www.fleximat.es\/prensaestopas-plasticos-para-que-sirven-y-como-son\/#breadcrumb\",\"itemListElement\":[{\"@type\":\"ListItem\",\"position\":1,\"name\":\"Portada\",\"item\":\"https:\/\/www.fleximat.es\/\"},{\"@type\":\"ListItem\",\"position\":2,\"name\":\"Prensaestopas pl\u00e1sticos: \u00bfPara qu\u00e9 sirven y c\u00f3mo son?\"}]},{\"@type\":\"WebSite\",\"@id\":\"https:\/\/www.fleximat.es\/bn\/#website\",\"url\":\"https:\/\/www.fleximat.es\/bn\/\",\"name\":\"Fleximat\",\"description\":\"Tu soluci\u00f3n en prensaestopas y tubos flexibles\",\"publisher\":{\"@id\":\"https:\/\/www.fleximat.es\/bn\/#organization\"},\"potentialAction\":[{\"@type\":\"SearchAction\",\"target\":{\"@type\":\"EntryPoint\",\"urlTemplate\":\"https:\/\/www.fleximat.es\/bn\/?s={search_term_string}\"},\"query-input\":\"required name=search_term_string\"}],\"inLanguage\":\"nl-NL\"},{\"@type\":\"Organization\",\"@id\":\"https:\/\/www.fleximat.es\/bn\/#organization\",\"name\":\"Fleximat\",\"url\":\"https:\/\/www.fleximat.es\/bn\/\",\"logo\":{\"@type\":\"ImageObject\",\"inLanguage\":\"nl-NL\",\"@id\":\"https:\/\/www.fleximat.es\/bn\/#\/schema\/logo\/image\/\",\"url\":\"https:\/\/www.fleximat.es\/wp-content\/uploads\/2023\/11\/fleximat-logo-1.png\",\"contentUrl\":\"https:\/\/www.fleximat.es\/wp-content\/uploads\/2023\/11\/fleximat-logo-1.png\",\"width\":1169,\"height\":289,\"caption\":\"Fleximat\"},\"image\":{\"@id\":\"https:\/\/www.fleximat.es\/bn\/#\/schema\/logo\/image\/\"}},{\"@type\":\"Person\",\"@id\":\"https:\/\/www.fleximat.es\/bn\/#\/schema\/person\/de8b4c68896d4a526be5f06f687775b7\",\"name\":\"eloi\",\"sameAs\":[\"https:\/\/www.fleximat.es\"],\"url\":\"https:\/\/www.fleximat.es\/nl\/author\/eloi\/\"}]}<\/script>\n<!-- \/ Yoast SEO plugin. -->","yoast_head_json":{"title":"Prensaestopas pl\u00e1sticos: \u00bfPara qu\u00e9 sirven y c\u00f3mo son? - Fleximat","robots":{"index":"index","follow":"follow","max-snippet":"max-snippet:-1","max-image-preview":"max-image-preview:large","max-video-preview":"max-video-preview:-1"},"canonical":"https:\/\/www.fleximat.es\/nl\/prensaestopas-plasticos-para-que-sirven-y-como-son\/","og_locale":"nl_NL","og_type":"article","og_title":"Prensaestopas pl\u00e1sticos: \u00bfPara qu\u00e9 sirven y c\u00f3mo son? - Fleximat","og_description":"Los prensaestopas pl\u00e1sticos se utilizan en una serie de aplicaciones y sistemas el\u00e9ctricos, pero \u00bfpara qu\u00e9 se utilizan realmente? En...","og_url":"https:\/\/www.fleximat.es\/nl\/prensaestopas-plasticos-para-que-sirven-y-como-son\/","og_site_name":"Fleximat","article_published_time":"2022-06-02T10:02:04+00:00","og_image":[{"width":1534,"height":1022,"url":"https:\/\/www.fleximat.es\/wp-content\/uploads\/2022\/04\/Prensaestopas-plasticos.png","type":"image\/png"}],"author":"eloi","twitter_card":"summary_large_image","twitter_misc":{"Geschreven door":"eloi","Geschatte leestijd":"3 minuten"},"schema":{"@context":"https:\/\/schema.org","@graph":[{"@type":"Article","@id":"https:\/\/www.fleximat.es\/prensaestopas-plasticos-para-que-sirven-y-como-son\/#article","isPartOf":{"@id":"https:\/\/www.fleximat.es\/prensaestopas-plasticos-para-que-sirven-y-como-son\/"},"author":{"name":"eloi","@id":"https:\/\/www.fleximat.es\/bn\/#\/schema\/person\/de8b4c68896d4a526be5f06f687775b7"},"headline":"Prensaestopas pl\u00e1sticos: \u00bfPara qu\u00e9 sirven y c\u00f3mo son?","datePublished":"2022-06-02T10:02:04+00:00","dateModified":"2022-06-02T10:02:04+00:00","mainEntityOfPage":{"@id":"https:\/\/www.fleximat.es\/prensaestopas-plasticos-para-que-sirven-y-como-son\/"},"wordCount":518,"commentCount":0,"publisher":{"@id":"https:\/\/www.fleximat.es\/bn\/#organization"},"keywords":["Prensaestopas pl\u00e1sticos"],"articleSection":["Protecci\u00f3n de cableados"],"inLanguage":"nl-NL","potentialAction":[{"@type":"CommentAction","name":"Comment","target":["https:\/\/www.fleximat.es\/prensaestopas-plasticos-para-que-sirven-y-como-son\/#respond"]}]},{"@type":"WebPage","@id":"https:\/\/www.fleximat.es\/prensaestopas-plasticos-para-que-sirven-y-como-son\/","url":"https:\/\/www.fleximat.es\/prensaestopas-plasticos-para-que-sirven-y-como-son\/","name":"Prensaestopas pl\u00e1sticos: \u00bfPara qu\u00e9 sirven y c\u00f3mo son? - Fleximat","isPartOf":{"@id":"https:\/\/www.fleximat.es\/bn\/#website"},"datePublished":"2022-06-02T10:02:04+00:00","dateModified":"2022-06-02T10:02:04+00:00","breadcrumb":{"@id":"https:\/\/www.fleximat.es\/prensaestopas-plasticos-para-que-sirven-y-como-son\/#breadcrumb"},"inLanguage":"nl-NL","potentialAction":[{"@type":"ReadAction","target":["https:\/\/www.fleximat.es\/prensaestopas-plasticos-para-que-sirven-y-como-son\/"]}]},{"@type":"BreadcrumbList","@id":"https:\/\/www.fleximat.es\/prensaestopas-plasticos-para-que-sirven-y-como-son\/#breadcrumb","itemListElement":[{"@type":"ListItem","position":1,"name":"Portada","item":"https:\/\/www.fleximat.es\/"},{"@type":"ListItem","position":2,"name":"Prensaestopas pl\u00e1sticos: \u00bfPara qu\u00e9 sirven y c\u00f3mo son?"}]},{"@type":"WebSite","@id":"https:\/\/www.fleximat.es\/bn\/#website","url":"https:\/\/www.fleximat.es\/bn\/","name":"Fleximat","description":"Tu soluci\u00f3n en prensaestopas y tubos flexibles","publisher":{"@id":"https:\/\/www.fleximat.es\/bn\/#organization"},"potentialAction":[{"@type":"SearchAction","target":{"@type":"EntryPoint","urlTemplate":"https:\/\/www.fleximat.es\/bn\/?s={search_term_string}"},"query-input":"required name=search_term_string"}],"inLanguage":"nl-NL"},{"@type":"Organization","@id":"https:\/\/www.fleximat.es\/bn\/#organization","name":"Fleximat","url":"https:\/\/www.fleximat.es\/bn\/","logo":{"@type":"ImageObject","inLanguage":"nl-NL","@id":"https:\/\/www.fleximat.es\/bn\/#\/schema\/logo\/image\/","url":"https:\/\/www.fleximat.es\/wp-content\/uploads\/2023\/11\/fleximat-logo-1.png","contentUrl":"https:\/\/www.fleximat.es\/wp-content\/uploads\/2023\/11\/fleximat-logo-1.png","width":1169,"height":289,"caption":"Fleximat"},"image":{"@id":"https:\/\/www.fleximat.es\/bn\/#\/schema\/logo\/image\/"}},{"@type":"Person","@id":"https:\/\/www.fleximat.es\/bn\/#\/schema\/person\/de8b4c68896d4a526be5f06f687775b7","name":"eloi","sameAs":["https:\/\/www.fleximat.es"],"url":"https:\/\/www.fleximat.es\/nl\/author\/eloi\/"}]}},"taxonomy_info":{"category":[{"value":102,"label":"Protecci\u00f3n de cableados"}],"post_tag":[{"value":95,"label":"Prensaestopas pl\u00e1sticos"}]},"featured_image_src_large":["https:\/\/www.fleximat.es\/wp-content\/uploads\/2022\/04\/Prensaestopas-plasticos-1024x682.png",1024,682,true],"author_info":{"display_name":"eloi","author_link":"https:\/\/www.fleximat.es\/nl\/author\/eloi\/"},"comment_info":0,"category_info":[{"term_id":102,"name":"Protecci\u00f3n de cableados","slug":"proteccion-de-cableados","term_group":0,"term_taxonomy_id":102,"taxonomy":"category","description":"","parent":0,"count":14,"filter":"raw","term_order":"0","cat_ID":102,"category_count":14,"category_description":"","cat_name":"Protecci\u00f3n de cableados","category_nicename":"proteccion-de-cableados","category_parent":0}],"tag_info":[{"term_id":95,"name":"Prensaestopas pl\u00e1sticos","slug":"prensaestopas-plasticos","term_group":0,"term_taxonomy_id":95,"taxonomy":"post_tag","description":"","parent":0,"count":2,"filter":"raw","term_order":"0"}],"_links":{"self":[{"href":"https:\/\/www.fleximat.es\/nl\/wp-json\/wp\/v2\/posts\/2139"}],"collection":[{"href":"https:\/\/www.fleximat.es\/nl\/wp-json\/wp\/v2\/posts"}],"about":[{"href":"https:\/\/www.fleximat.es\/nl\/wp-json\/wp\/v2\/types\/post"}],"author":[{"embeddable":true,"href":"https:\/\/www.fleximat.es\/nl\/wp-json\/wp\/v2\/users\/1"}],"replies":[{"embeddable":true,"href":"https:\/\/www.fleximat.es\/nl\/wp-json\/wp\/v2\/comments?post=2139"}],"version-history":[{"count":0,"href":"https:\/\/www.fleximat.es\/nl\/wp-json\/wp\/v2\/posts\/2139\/revisions"}],"wp:featuredmedia":[{"embeddable":true,"href":"https:\/\/www.fleximat.es\/nl\/wp-json\/wp\/v2\/media\/1134"}],"wp:attachment":[{"href":"https:\/\/www.fleximat.es\/nl\/wp-json\/wp\/v2\/media?parent=2139"}],"wp:term":[{"taxonomy":"category","embeddable":true,"href":"https:\/\/www.fleximat.es\/nl\/wp-json\/wp\/v2\/categories?post=2139"},{"taxonomy":"post_tag","embeddable":true,"href":"https:\/\/www.fleximat.es\/nl\/wp-json\/wp\/v2\/tags?post=2139"}],"curies":[{"name":"wp","href":"https:\/\/api.w.org\/{rel}","templated":true}]}}