{"id":69,"date":"2021-06-21T10:21:39","date_gmt":"2021-06-21T10:21:39","guid":{"rendered":"https:\/\/www.fleximat.es\/blog\/?p=69"},"modified":"2023-11-08T10:57:41","modified_gmt":"2023-11-08T09:57:41","slug":"las-punteras-de-aislamiento-son-un-elemento-esencial-para-la-seguridad","status":"publish","type":"post","link":"https:\/\/www.fleximat.es\/nl\/las-punteras-de-aislamiento-son-un-elemento-esencial-para-la-seguridad\/","title":{"rendered":"ISOLATIE-NEUSKAPJES ZIJN EEN ESSENTIEEL ELEMENT VOOR DE VEILIGHEID"},"content":{"rendered":"<h2 class=\"wp-block-heading\"><b>Ge\u00efsoleerde beschermtips helpen gevaren in een elektrische installatieomgeving te voorkomen<\/b><\/h2>\n\n\n\n<p><span style=\"font-weight: 400;\">Elektrische installaties zijn de afgelopen eeuw het sleutelelement geworden van de meeste bedrijven in de industri\u00eble sector.<\/span><\/p>\n\n\n\n<p><span style=\"font-weight: 400;\">Elektriciteit is ongetwijfeld de grote bondgenoot geweest van automatisering en besparingen op hulpbronnen voor deze sector, die op zijn beurt een ongelooflijke groei heeft doorgemaakt in termen van productie- en leveringscapaciteit, waardoor een toenemend aantal producten met minder tijd en middelen is gegenereerd.<\/span><\/p>\n\n\n\n<p><span style=\"font-weight: 400;\">Deze groei in het gebruik van elektrische installaties heeft de noodzaak met zich meegebracht om een logische en noodzakelijke zorg voor hun veiligheid te bevorderen, waarbij voortdurend wordt ge\u00efnnoveerd in de beschermings- en effici\u00ebntiesystemen van de installaties.<\/span><\/p>\n\n\n\n<p><span style=\"font-weight: 400;\">Een van de ontwikkelingen in deze zin is de <\/span><a href=\"https:\/\/www.fleximat.es\/nl\/blog\/las-prensaestopas-emc-un-paso-mas-en-las-soluciones-de-seguridad-de-las-instalaciones-electricas\/\"><b>isolatietips<\/b><\/a><span style=\"font-weight: 400;\"> voor bedrading. Dit soort beschermkappen garanderen niet alleen een grotere veiligheid dankzij hun PVC-coating waardoor ze volledig elektrisch isolerend zijn, waardoor het risico op manipulatie van de bedrading wordt verminderd, maar dragen tegelijkertijd bij aan het verbeteren en verhogen van de snelheid van de installatie, omdat ze dienen als een geleider voor de koperdraden van de kabel, waardoor ze niet uitsteken en de kans op kabelbreuk wordt verminderd.<\/span><\/p>\n\n\n\n<p><span style=\"font-weight: 400;\">De <\/span><b>isolatietips <\/b><span style=\"font-weight: 400;\">Ze bestaan uit een lichte, zachte metalen buis die aan het uiteinde van een gevlochten kabel is gekrompen, wat de connectiviteit verbetert.<\/span><\/p>\n\n\n\n<p><span style=\"font-weight: 400;\">Aan het ene uiteinde bevatten ze een soort toorts of lip die de afzonderlijke strengen van de kabel helpt geleiden wanneer ze in de punt worden gestoken.<\/span><\/p>\n\n\n\n<h2 class=\"wp-block-heading\"><b>Waar zijn isolatietips van gemaakt?&nbsp;<\/b><\/h2>\n\n\n\n<p><span style=\"font-weight: 400;\">De meeste adereindhulzen zijn gemaakt van koper, meestal vertind. Elke ferrule is ontworpen voor een specifieke draaddikte, zowel diameter als lengte.<\/span><\/p>\n\n\n\n<p><span style=\"font-weight: 400;\">De <\/span><b>isolatietips <\/b><span style=\"font-weight: 400;\">Ze worden aan de uiteinden van de elektrische kabels geplaatst om de verbinding met de verschillende elementen te vergemakkelijken die in een elektrisch paneel kunnen worden ge\u00efnstalleerd, zoals verschillende differentieelschakelaars, stroomonderbrekers, contactors, enz.<\/span><\/p>\n\n\n\n<p><span style=\"font-weight: 400;\">Zoals we al zeiden, is veiligheid enorm essentieel als het gaat om elektrische installaties en een van de fronten waarmee we rekening moeten houden bij de voortgang van de toepassing en het gebruik ervan, vooral in de verschillende sectoren van de industri\u00eble sector, maar ook in huishoudelijke installaties. .&nbsp;<\/span><\/p>\n\n\n\n<p><span style=\"font-weight: 400;\">Het is onze plicht als samenleving om het bewustzijn te vergroten in een professionele en adequate installatie om risico&#039;s te vermijden die voortkomen uit slechte praktijken die proberen te besparen op hulpbronnen. De <\/span><b>isolatietips <\/b><span style=\"font-weight: 400;\">Ze zijn een van de elementen die ons zullen helpen de veiligheid in de omgeving van een elektrische installatie en de bediening ervan te maximaliseren.<\/span><\/p>","protected":false},"excerpt":{"rendered":"<p>Ge\u00efsoleerde beschermtips helpen risico&#039;s in een elektrische installatieomgeving te voorkomen. Elektrische installaties zijn...<\/p>","protected":false},"author":1,"featured_media":2093,"comment_status":"open","ping_status":"open","sticky":false,"template":"","format":"standard","meta":{"_kad_blocks_custom_css":"","_kad_blocks_head_custom_js":"","_kad_blocks_body_custom_js":"","_kad_blocks_footer_custom_js":"","_kadence_starter_templates_imported_post":false,"_kad_post_transparent":"","_kad_post_title":"","_kad_post_layout":"","_kad_post_sidebar_id":"","_kad_post_content_style":"","_kad_post_vertical_padding":"","_kad_post_feature":"","_kad_post_feature_position":"","_kad_post_header":false,"_kad_post_footer":false,"footnotes":""},"categories":[102],"tags":[103],"class_list":["post-69","post","type-post","status-publish","format-standard","has-post-thumbnail","hentry","category-proteccion-de-cableados","tag-punteras-de-aislamiento"],"yoast_head":"<!-- This site is optimized with the Yoast SEO plugin v21.7 - https:\/\/yoast.com\/wordpress\/plugins\/seo\/ -->\n<title>LAS PUNTERAS DE AISLAMIENTO SON UN ELEMENTO ESENCIAL PARA LA SEGURIDAD - Fleximat<\/title>\n<meta name=\"robots\" content=\"index, follow, max-snippet:-1, max-image-preview:large, max-video-preview:-1\" \/>\n<link rel=\"canonical\" href=\"https:\/\/www.fleximat.es\/nl\/las-punteras-de-aislamiento-son-un-elemento-esencial-para-la-seguridad\/\" \/>\n<meta property=\"og:locale\" content=\"nl_NL\" \/>\n<meta property=\"og:type\" content=\"article\" \/>\n<meta property=\"og:title\" content=\"LAS PUNTERAS DE AISLAMIENTO SON UN ELEMENTO ESENCIAL PARA LA SEGURIDAD - Fleximat\" \/>\n<meta property=\"og:description\" content=\"Las punteras de protecci\u00f3n aisladas ayudan a prevenir riesgos en un entorno de instalaci\u00f3n el\u00e9ctrico Las instalaciones el\u00e9ctricas se han...\" \/>\n<meta property=\"og:url\" content=\"https:\/\/www.fleximat.es\/nl\/las-punteras-de-aislamiento-son-un-elemento-esencial-para-la-seguridad\/\" \/>\n<meta property=\"og:site_name\" content=\"Fleximat\" \/>\n<meta property=\"article:published_time\" content=\"2021-06-21T10:21:39+00:00\" \/>\n<meta property=\"article:modified_time\" content=\"2023-11-08T09:57:41+00:00\" \/>\n<meta property=\"og:image\" content=\"https:\/\/www.fleximat.es\/wp-content\/uploads\/2023\/10\/puntera-aislada-din-462284-transformed.png\" \/>\n\t<meta property=\"og:image:width\" content=\"960\" \/>\n\t<meta property=\"og:image:height\" content=\"736\" \/>\n\t<meta property=\"og:image:type\" content=\"image\/png\" \/>\n<meta name=\"author\" content=\"eloi\" \/>\n<meta name=\"twitter:card\" content=\"summary_large_image\" \/>\n<meta name=\"twitter:label1\" content=\"Geschreven door\" \/>\n\t<meta name=\"twitter:data1\" content=\"eloi\" \/>\n\t<meta name=\"twitter:label2\" content=\"Geschatte leestijd\" \/>\n\t<meta name=\"twitter:data2\" content=\"2 minuten\" \/>\n<script type=\"application\/ld+json\" class=\"yoast-schema-graph\">{\"@context\":\"https:\/\/schema.org\",\"@graph\":[{\"@type\":\"Article\",\"@id\":\"https:\/\/www.fleximat.es\/las-punteras-de-aislamiento-son-un-elemento-esencial-para-la-seguridad\/#article\",\"isPartOf\":{\"@id\":\"https:\/\/www.fleximat.es\/las-punteras-de-aislamiento-son-un-elemento-esencial-para-la-seguridad\/\"},\"author\":{\"name\":\"eloi\",\"@id\":\"https:\/\/www.fleximat.es\/bn\/#\/schema\/person\/de8b4c68896d4a526be5f06f687775b7\"},\"headline\":\"LAS PUNTERAS DE AISLAMIENTO SON UN ELEMENTO ESENCIAL PARA LA SEGURIDAD\",\"datePublished\":\"2021-06-21T10:21:39+00:00\",\"dateModified\":\"2023-11-08T09:57:41+00:00\",\"mainEntityOfPage\":{\"@id\":\"https:\/\/www.fleximat.es\/las-punteras-de-aislamiento-son-un-elemento-esencial-para-la-seguridad\/\"},\"wordCount\":508,\"commentCount\":0,\"publisher\":{\"@id\":\"https:\/\/www.fleximat.es\/bn\/#organization\"},\"keywords\":[\"punteras de aislamiento\"],\"articleSection\":[\"Protecci\u00f3n de cableados\"],\"inLanguage\":\"nl-NL\",\"potentialAction\":[{\"@type\":\"CommentAction\",\"name\":\"Comment\",\"target\":[\"https:\/\/www.fleximat.es\/las-punteras-de-aislamiento-son-un-elemento-esencial-para-la-seguridad\/#respond\"]}]},{\"@type\":\"WebPage\",\"@id\":\"https:\/\/www.fleximat.es\/las-punteras-de-aislamiento-son-un-elemento-esencial-para-la-seguridad\/\",\"url\":\"https:\/\/www.fleximat.es\/las-punteras-de-aislamiento-son-un-elemento-esencial-para-la-seguridad\/\",\"name\":\"LAS PUNTERAS DE AISLAMIENTO SON UN ELEMENTO ESENCIAL PARA LA SEGURIDAD - Fleximat\",\"isPartOf\":{\"@id\":\"https:\/\/www.fleximat.es\/bn\/#website\"},\"datePublished\":\"2021-06-21T10:21:39+00:00\",\"dateModified\":\"2023-11-08T09:57:41+00:00\",\"breadcrumb\":{\"@id\":\"https:\/\/www.fleximat.es\/las-punteras-de-aislamiento-son-un-elemento-esencial-para-la-seguridad\/#breadcrumb\"},\"inLanguage\":\"nl-NL\",\"potentialAction\":[{\"@type\":\"ReadAction\",\"target\":[\"https:\/\/www.fleximat.es\/las-punteras-de-aislamiento-son-un-elemento-esencial-para-la-seguridad\/\"]}]},{\"@type\":\"BreadcrumbList\",\"@id\":\"https:\/\/www.fleximat.es\/las-punteras-de-aislamiento-son-un-elemento-esencial-para-la-seguridad\/#breadcrumb\",\"itemListElement\":[{\"@type\":\"ListItem\",\"position\":1,\"name\":\"Portada\",\"item\":\"https:\/\/www.fleximat.es\/\"},{\"@type\":\"ListItem\",\"position\":2,\"name\":\"LAS PUNTERAS DE AISLAMIENTO SON UN ELEMENTO ESENCIAL PARA LA SEGURIDAD\"}]},{\"@type\":\"WebSite\",\"@id\":\"https:\/\/www.fleximat.es\/bn\/#website\",\"url\":\"https:\/\/www.fleximat.es\/bn\/\",\"name\":\"Fleximat\",\"description\":\"Tu soluci\u00f3n en prensaestopas y tubos flexibles\",\"publisher\":{\"@id\":\"https:\/\/www.fleximat.es\/bn\/#organization\"},\"potentialAction\":[{\"@type\":\"SearchAction\",\"target\":{\"@type\":\"EntryPoint\",\"urlTemplate\":\"https:\/\/www.fleximat.es\/bn\/?s={search_term_string}\"},\"query-input\":\"required name=search_term_string\"}],\"inLanguage\":\"nl-NL\"},{\"@type\":\"Organization\",\"@id\":\"https:\/\/www.fleximat.es\/bn\/#organization\",\"name\":\"Fleximat\",\"url\":\"https:\/\/www.fleximat.es\/bn\/\",\"logo\":{\"@type\":\"ImageObject\",\"inLanguage\":\"nl-NL\",\"@id\":\"https:\/\/www.fleximat.es\/bn\/#\/schema\/logo\/image\/\",\"url\":\"https:\/\/www.fleximat.es\/wp-content\/uploads\/2023\/11\/fleximat-logo-1.png\",\"contentUrl\":\"https:\/\/www.fleximat.es\/wp-content\/uploads\/2023\/11\/fleximat-logo-1.png\",\"width\":1169,\"height\":289,\"caption\":\"Fleximat\"},\"image\":{\"@id\":\"https:\/\/www.fleximat.es\/bn\/#\/schema\/logo\/image\/\"}},{\"@type\":\"Person\",\"@id\":\"https:\/\/www.fleximat.es\/bn\/#\/schema\/person\/de8b4c68896d4a526be5f06f687775b7\",\"name\":\"eloi\",\"sameAs\":[\"https:\/\/www.fleximat.es\"],\"url\":\"https:\/\/www.fleximat.es\/nl\/author\/eloi\/\"}]}<\/script>\n<!-- \/ Yoast SEO plugin. -->","yoast_head_json":{"title":"LAS PUNTERAS DE AISLAMIENTO SON UN ELEMENTO ESENCIAL PARA LA SEGURIDAD - Fleximat","robots":{"index":"index","follow":"follow","max-snippet":"max-snippet:-1","max-image-preview":"max-image-preview:large","max-video-preview":"max-video-preview:-1"},"canonical":"https:\/\/www.fleximat.es\/nl\/las-punteras-de-aislamiento-son-un-elemento-esencial-para-la-seguridad\/","og_locale":"nl_NL","og_type":"article","og_title":"LAS PUNTERAS DE AISLAMIENTO SON UN ELEMENTO ESENCIAL PARA LA SEGURIDAD - Fleximat","og_description":"Las punteras de protecci\u00f3n aisladas ayudan a prevenir riesgos en un entorno de instalaci\u00f3n el\u00e9ctrico Las instalaciones el\u00e9ctricas se han...","og_url":"https:\/\/www.fleximat.es\/nl\/las-punteras-de-aislamiento-son-un-elemento-esencial-para-la-seguridad\/","og_site_name":"Fleximat","article_published_time":"2021-06-21T10:21:39+00:00","article_modified_time":"2023-11-08T09:57:41+00:00","og_image":[{"width":960,"height":736,"url":"https:\/\/www.fleximat.es\/wp-content\/uploads\/2023\/10\/puntera-aislada-din-462284-transformed.png","type":"image\/png"}],"author":"eloi","twitter_card":"summary_large_image","twitter_misc":{"Geschreven door":"eloi","Geschatte leestijd":"2 minuten"},"schema":{"@context":"https:\/\/schema.org","@graph":[{"@type":"Article","@id":"https:\/\/www.fleximat.es\/las-punteras-de-aislamiento-son-un-elemento-esencial-para-la-seguridad\/#article","isPartOf":{"@id":"https:\/\/www.fleximat.es\/las-punteras-de-aislamiento-son-un-elemento-esencial-para-la-seguridad\/"},"author":{"name":"eloi","@id":"https:\/\/www.fleximat.es\/bn\/#\/schema\/person\/de8b4c68896d4a526be5f06f687775b7"},"headline":"LAS PUNTERAS DE AISLAMIENTO SON UN ELEMENTO ESENCIAL PARA LA SEGURIDAD","datePublished":"2021-06-21T10:21:39+00:00","dateModified":"2023-11-08T09:57:41+00:00","mainEntityOfPage":{"@id":"https:\/\/www.fleximat.es\/las-punteras-de-aislamiento-son-un-elemento-esencial-para-la-seguridad\/"},"wordCount":508,"commentCount":0,"publisher":{"@id":"https:\/\/www.fleximat.es\/bn\/#organization"},"keywords":["punteras de aislamiento"],"articleSection":["Protecci\u00f3n de cableados"],"inLanguage":"nl-NL","potentialAction":[{"@type":"CommentAction","name":"Comment","target":["https:\/\/www.fleximat.es\/las-punteras-de-aislamiento-son-un-elemento-esencial-para-la-seguridad\/#respond"]}]},{"@type":"WebPage","@id":"https:\/\/www.fleximat.es\/las-punteras-de-aislamiento-son-un-elemento-esencial-para-la-seguridad\/","url":"https:\/\/www.fleximat.es\/las-punteras-de-aislamiento-son-un-elemento-esencial-para-la-seguridad\/","name":"LAS PUNTERAS DE AISLAMIENTO SON UN ELEMENTO ESENCIAL PARA LA SEGURIDAD - Fleximat","isPartOf":{"@id":"https:\/\/www.fleximat.es\/bn\/#website"},"datePublished":"2021-06-21T10:21:39+00:00","dateModified":"2023-11-08T09:57:41+00:00","breadcrumb":{"@id":"https:\/\/www.fleximat.es\/las-punteras-de-aislamiento-son-un-elemento-esencial-para-la-seguridad\/#breadcrumb"},"inLanguage":"nl-NL","potentialAction":[{"@type":"ReadAction","target":["https:\/\/www.fleximat.es\/las-punteras-de-aislamiento-son-un-elemento-esencial-para-la-seguridad\/"]}]},{"@type":"BreadcrumbList","@id":"https:\/\/www.fleximat.es\/las-punteras-de-aislamiento-son-un-elemento-esencial-para-la-seguridad\/#breadcrumb","itemListElement":[{"@type":"ListItem","position":1,"name":"Portada","item":"https:\/\/www.fleximat.es\/"},{"@type":"ListItem","position":2,"name":"LAS PUNTERAS DE AISLAMIENTO SON UN ELEMENTO ESENCIAL PARA LA SEGURIDAD"}]},{"@type":"WebSite","@id":"https:\/\/www.fleximat.es\/bn\/#website","url":"https:\/\/www.fleximat.es\/bn\/","name":"Fleximat","description":"Tu soluci\u00f3n en prensaestopas y tubos flexibles","publisher":{"@id":"https:\/\/www.fleximat.es\/bn\/#organization"},"potentialAction":[{"@type":"SearchAction","target":{"@type":"EntryPoint","urlTemplate":"https:\/\/www.fleximat.es\/bn\/?s={search_term_string}"},"query-input":"required name=search_term_string"}],"inLanguage":"nl-NL"},{"@type":"Organization","@id":"https:\/\/www.fleximat.es\/bn\/#organization","name":"Fleximat","url":"https:\/\/www.fleximat.es\/bn\/","logo":{"@type":"ImageObject","inLanguage":"nl-NL","@id":"https:\/\/www.fleximat.es\/bn\/#\/schema\/logo\/image\/","url":"https:\/\/www.fleximat.es\/wp-content\/uploads\/2023\/11\/fleximat-logo-1.png","contentUrl":"https:\/\/www.fleximat.es\/wp-content\/uploads\/2023\/11\/fleximat-logo-1.png","width":1169,"height":289,"caption":"Fleximat"},"image":{"@id":"https:\/\/www.fleximat.es\/bn\/#\/schema\/logo\/image\/"}},{"@type":"Person","@id":"https:\/\/www.fleximat.es\/bn\/#\/schema\/person\/de8b4c68896d4a526be5f06f687775b7","name":"eloi","sameAs":["https:\/\/www.fleximat.es"],"url":"https:\/\/www.fleximat.es\/nl\/author\/eloi\/"}]}},"taxonomy_info":{"category":[{"value":102,"label":"Protecci\u00f3n de cableados"}],"post_tag":[{"value":103,"label":"punteras de aislamiento"}]},"featured_image_src_large":["https:\/\/www.fleximat.es\/wp-content\/uploads\/2023\/10\/puntera-aislada-din-462284-transformed.png",960,736,false],"author_info":{"display_name":"eloi","author_link":"https:\/\/www.fleximat.es\/nl\/author\/eloi\/"},"comment_info":0,"category_info":[{"term_id":102,"name":"Protecci\u00f3n de cableados","slug":"proteccion-de-cableados","term_group":0,"term_taxonomy_id":102,"taxonomy":"category","description":"","parent":0,"count":14,"filter":"raw","term_order":"0","cat_ID":102,"category_count":14,"category_description":"","cat_name":"Protecci\u00f3n de cableados","category_nicename":"proteccion-de-cableados","category_parent":0}],"tag_info":[{"term_id":103,"name":"punteras de aislamiento","slug":"punteras-de-aislamiento","term_group":0,"term_taxonomy_id":103,"taxonomy":"post_tag","description":"","parent":0,"count":1,"filter":"raw","term_order":"0"}],"_links":{"self":[{"href":"https:\/\/www.fleximat.es\/nl\/wp-json\/wp\/v2\/posts\/69"}],"collection":[{"href":"https:\/\/www.fleximat.es\/nl\/wp-json\/wp\/v2\/posts"}],"about":[{"href":"https:\/\/www.fleximat.es\/nl\/wp-json\/wp\/v2\/types\/post"}],"author":[{"embeddable":true,"href":"https:\/\/www.fleximat.es\/nl\/wp-json\/wp\/v2\/users\/1"}],"replies":[{"embeddable":true,"href":"https:\/\/www.fleximat.es\/nl\/wp-json\/wp\/v2\/comments?post=69"}],"version-history":[{"count":0,"href":"https:\/\/www.fleximat.es\/nl\/wp-json\/wp\/v2\/posts\/69\/revisions"}],"wp:featuredmedia":[{"embeddable":true,"href":"https:\/\/www.fleximat.es\/nl\/wp-json\/wp\/v2\/media\/2093"}],"wp:attachment":[{"href":"https:\/\/www.fleximat.es\/nl\/wp-json\/wp\/v2\/media?parent=69"}],"wp:term":[{"taxonomy":"category","embeddable":true,"href":"https:\/\/www.fleximat.es\/nl\/wp-json\/wp\/v2\/categories?post=69"},{"taxonomy":"post_tag","embeddable":true,"href":"https:\/\/www.fleximat.es\/nl\/wp-json\/wp\/v2\/tags?post=69"}],"curies":[{"name":"wp","href":"https:\/\/api.w.org\/{rel}","templated":true}]}}