{"id":1376,"date":"2022-05-16T07:57:13","date_gmt":"2022-05-16T07:57:13","guid":{"rendered":"https:\/\/fleximart.desarrollowebsonline.es\/?p=1376"},"modified":"2022-05-16T07:57:13","modified_gmt":"2022-05-16T07:57:13","slug":"tubos-y-racores-para-la-maquinaria-de-embalaje","status":"publish","type":"post","link":"https:\/\/www.fleximat.es\/sv\/tubos-y-racores-para-la-maquinaria-de-embalaje\/","title":{"rendered":"R\u00f6r och kopplingar f\u00f6r f\u00f6rpackningsmaskiner"},"content":{"rendered":"<p style=\"text-align: justify;\">F\u00f6rpackningsmaskiner \u00e4r av avg\u00f6rande betydelse f\u00f6r olika branscher eftersom det tillf\u00f6r produkterna alla f\u00f6rdelar med f\u00f6rpackningar. Givet detta \u00e4r r\u00f6ren och kopplingarna polyamidbitar som ansluter och skyddar p\u00e5 ett s\u00e4kert och professionellt s\u00e4tt f\u00f6r att s\u00e4kerst\u00e4lla korrekt och effektiv drift av f\u00f6rpackningsmaskineriet.<\/p>\n<p style=\"text-align: justify;\">Den grundl\u00e4ggande uppgiften f\u00f6r r\u00f6r och kopplingar \u00e4r att skydda de elektriska anslutningarna till f\u00f6rpackningsmaskiner, samtidigt som de kopplar in kablarna i utrustningen. Dessutom \u00e4r de l\u00e4tta att installera och har utm\u00e4rkt mekaniskt motst\u00e5nd.<\/p>\n<p style=\"text-align: justify;\">F\u00f6rpackningsmaskiner kan skydda produkten p\u00e5 m\u00e5nga olika s\u00e4tt. De kan h\u00e5lla inte bara produkten s\u00e4ker, utan ocks\u00e5 f\u00f6rpackningsprocessen, och hj\u00e4lpa till att s\u00e4kerst\u00e4lla att produkten och f\u00f6rpackningen f\u00f6rblir skyddade tills de n\u00e5r konsumenten. Det faktum att dessa skydd erbjuds konsekvent och tillf\u00f6rlitligt inneb\u00e4r att f\u00f6rpackningsmaskineri \u00f6kar effektiviteten och produktionen utan att ge avkall p\u00e5 produktskyddet.<\/p>\n<p style=\"text-align: justify;\">Med tanke p\u00e5 detta finns det r\u00f6r och kopplingar som hj\u00e4lper f\u00f6rpackningsmaskineriet att fungera korrekt. Dessa hj\u00e4lper till att bibeh\u00e5lla noggrannheten i varje process, till skillnad fr\u00e5n manuella alternativ, som kan orsaka fluktuerande artikelresultat.<\/p>\n<h2 style=\"text-align: justify;\"><strong><img loading=\"lazy\" decoding=\"async\" class=\"aligncenter wp-image-759 size-full\" src=\"https:\/\/www.fleximat.es\/wp-content\/uploads\/2022\/02\/th_crop_1571674351racores-y-tubos-metalicos-1-e1695208817557.jpg\" alt=\"\" width=\"600\" height=\"600\" srcset=\"https:\/\/www.fleximat.es\/wp-content\/uploads\/2022\/02\/th_crop_1571674351racores-y-tubos-metalicos-1-e1695208817557-100x100.jpg 100w, https:\/\/www.fleximat.es\/wp-content\/uploads\/2022\/02\/th_crop_1571674351racores-y-tubos-metalicos-1-e1695208817557-150x150.jpg 150w\" sizes=\"(max-width: 600px) 100vw, 600px\" \/><\/strong><\/h2>\n<h2 style=\"text-align: justify;\"><strong>B\u00e4sta kvalitet och resultat <\/strong><\/h2>\n<p style=\"text-align: justify;\">N\u00e4r vi anv\u00e4nder r\u00e4tt och b\u00e4sta kvalitet r\u00f6r och kopplingar i f\u00f6rpackningsmaskiner hj\u00e4lper vi till att \u00f6ka produktionseffektiviteten.<\/p>\n<p style=\"text-align: justify;\">Genom att anv\u00e4nda dessa f\u00f6rem\u00e5l kan du d\u00e4rf\u00f6r packa de specifika f\u00f6rem\u00e5len p\u00e5 kortast m\u00f6jliga tid och kanske under en viss tid. Du kommer att m\u00e4rka att den snabbt fyller sm\u00e5 fritt flytande f\u00f6rem\u00e5l s\u00e5v\u00e4l som stora f\u00f6rem\u00e5l i m\u00e5nga beh\u00e5llare i en enda cykel.<\/p>\n<p style=\"text-align: justify;\">\u00c5 andra sidan \u00e4r tillf\u00f6rlitlighet och konsekvens lika viktiga faktorer som alla andra inom f\u00f6rpackningsindustrin. Konsekvens i din verksamhet \u00e4r utan tvekan viktigare \u00e4n du kan f\u00f6rest\u00e4lla dig. Genom att vara p\u00e5litlig kan du etablera mindfulness, bygga f\u00f6rtroende och f\u00f6rmedla dina tj\u00e4nster effektivt och f\u00f6rdelaktigt. Utan det \u00e4r det mycket troligt att ditt f\u00f6retag misslyckas. Genom att v\u00e4lja de n\u00f6dv\u00e4ndiga r\u00f6ren och kopplingarna f\u00f6r ditt maskineri s\u00e4kerst\u00e4ller du konstanta och p\u00e5litliga resultat i alla dina processer och undviker f\u00f6rseningar och materialf\u00f6rlust.<\/p>\n<p style=\"text-align: justify;\">Det spelar ingen roll om f\u00f6rpackningen \u00e4r baserad p\u00e5 vikt, volym, niv\u00e5 eller n\u00e5gon annan uppskattning s\u00e5 l\u00e5ngt det g\u00e5r. S\u00e5, f\u00f6rpackningsmaskiner kommer att hj\u00e4lpa till med alla dina behov.<\/p>\n<p style=\"text-align: justify;\">Om du letar efter r\u00f6r och kopplingar till dina f\u00f6rpackningsmaskiner har vi p\u00e5 Fleximat det b\u00e4sta utbudet av alternativ, med h\u00f6gsta kvalitet och de mest konkurrenskraftiga priserna. Sedan 1998 har vi arbetat med att utveckla och tillverka produkter f\u00f6r att tillgodose alla skydds- och anslutningsbehov inom olika branscher. Vi har f\u00f6rtj\u00e4nat f\u00f6rtroendet fr\u00e5n flera ledande f\u00f6retag tack vare v\u00e5rt p\u00e5litliga arbete och v\u00e5r st\u00e4ndiga f\u00f6rm\u00e5ga att anv\u00e4nda den b\u00e4sta tekniken f\u00f6r att tillhandah\u00e5lla de b\u00e4sta l\u00f6sningarna p\u00e5 marknaden.<\/p>\n<p style=\"text-align: justify;\">Till detta kommer att vi har ett team som hj\u00e4lper dig att svara p\u00e5 eventuella fr\u00e5gor f\u00f6r att s\u00e4kerst\u00e4lla att du v\u00e4ljer r\u00e4tt artiklar f\u00f6r dina behov.<\/p>","protected":false},"excerpt":{"rendered":"<p>F\u00f6rpackningsmaskiner \u00e4r av vital betydelse f\u00f6r olika branscher, eftersom det ger alla f\u00f6rdelar med f\u00f6rpackningar till...<\/p>","protected":false},"author":1,"featured_media":2440,"comment_status":"open","ping_status":"open","sticky":false,"template":"","format":"standard","meta":{"_kad_blocks_custom_css":"","_kad_blocks_head_custom_js":"","_kad_blocks_body_custom_js":"","_kad_blocks_footer_custom_js":"","_kadence_starter_templates_imported_post":false,"_kad_post_transparent":"","_kad_post_title":"","_kad_post_layout":"","_kad_post_sidebar_id":"","_kad_post_content_style":"","_kad_post_vertical_padding":"","_kad_post_feature":"","_kad_post_feature_position":"","_kad_post_header":false,"_kad_post_footer":false,"footnotes":""},"categories":[110],"tags":[111],"class_list":["post-1376","post","type-post","status-publish","format-standard","has-post-thumbnail","hentry","category-proyectos","tag-tubos-y-racores"],"yoast_head":"<!-- This site is optimized with the Yoast SEO plugin v21.7 - https:\/\/yoast.com\/wordpress\/plugins\/seo\/ -->\n<title>Tubos y racores para la maquinaria de embalaje - Fleximat<\/title>\n<meta name=\"robots\" content=\"index, follow, max-snippet:-1, max-image-preview:large, max-video-preview:-1\" \/>\n<link rel=\"canonical\" href=\"https:\/\/www.fleximat.es\/sv\/tubos-y-racores-para-la-maquinaria-de-embalaje\/\" \/>\n<meta property=\"og:locale\" content=\"sv_SE\" \/>\n<meta property=\"og:type\" content=\"article\" \/>\n<meta property=\"og:title\" content=\"Tubos y racores para la maquinaria de embalaje - Fleximat\" \/>\n<meta property=\"og:description\" content=\"La maquinaria de embalaje es de vital importancia para diferentes industrias, ya que brinda todos los beneficios del envasado a...\" \/>\n<meta property=\"og:url\" content=\"https:\/\/www.fleximat.es\/sv\/tubos-y-racores-para-la-maquinaria-de-embalaje\/\" \/>\n<meta property=\"og:site_name\" content=\"Fleximat\" \/>\n<meta property=\"article:published_time\" content=\"2022-05-16T07:57:13+00:00\" \/>\n<meta property=\"og:image\" content=\"https:\/\/www.fleximat.es\/wp-content\/uploads\/2022\/05\/articulos-blog-2.jpg\" \/>\n\t<meta property=\"og:image:width\" content=\"1920\" \/>\n\t<meta property=\"og:image:height\" content=\"1080\" \/>\n\t<meta property=\"og:image:type\" content=\"image\/jpeg\" \/>\n<meta name=\"author\" content=\"eloi\" \/>\n<meta name=\"twitter:card\" content=\"summary_large_image\" \/>\n<meta name=\"twitter:label1\" content=\"Skriven av\" \/>\n\t<meta name=\"twitter:data1\" content=\"eloi\" \/>\n\t<meta name=\"twitter:label2\" content=\"Ber\u00e4knad l\u00e4stid\" \/>\n\t<meta name=\"twitter:data2\" content=\"3 minuter\" \/>\n<script type=\"application\/ld+json\" class=\"yoast-schema-graph\">{\"@context\":\"https:\/\/schema.org\",\"@graph\":[{\"@type\":\"Article\",\"@id\":\"https:\/\/www.fleximat.es\/tubos-y-racores-para-la-maquinaria-de-embalaje\/#article\",\"isPartOf\":{\"@id\":\"https:\/\/www.fleximat.es\/tubos-y-racores-para-la-maquinaria-de-embalaje\/\"},\"author\":{\"name\":\"eloi\",\"@id\":\"https:\/\/www.fleximat.es\/bn\/#\/schema\/person\/de8b4c68896d4a526be5f06f687775b7\"},\"headline\":\"Tubos y racores para la maquinaria de embalaje\",\"datePublished\":\"2022-05-16T07:57:13+00:00\",\"dateModified\":\"2022-05-16T07:57:13+00:00\",\"mainEntityOfPage\":{\"@id\":\"https:\/\/www.fleximat.es\/tubos-y-racores-para-la-maquinaria-de-embalaje\/\"},\"wordCount\":557,\"commentCount\":0,\"publisher\":{\"@id\":\"https:\/\/www.fleximat.es\/bn\/#organization\"},\"keywords\":[\"tubos y racores\"],\"articleSection\":[\"Proyectos\"],\"inLanguage\":\"sv-SE\",\"potentialAction\":[{\"@type\":\"CommentAction\",\"name\":\"Comment\",\"target\":[\"https:\/\/www.fleximat.es\/tubos-y-racores-para-la-maquinaria-de-embalaje\/#respond\"]}]},{\"@type\":\"WebPage\",\"@id\":\"https:\/\/www.fleximat.es\/tubos-y-racores-para-la-maquinaria-de-embalaje\/\",\"url\":\"https:\/\/www.fleximat.es\/tubos-y-racores-para-la-maquinaria-de-embalaje\/\",\"name\":\"Tubos y racores para la maquinaria de embalaje - Fleximat\",\"isPartOf\":{\"@id\":\"https:\/\/www.fleximat.es\/bn\/#website\"},\"datePublished\":\"2022-05-16T07:57:13+00:00\",\"dateModified\":\"2022-05-16T07:57:13+00:00\",\"breadcrumb\":{\"@id\":\"https:\/\/www.fleximat.es\/tubos-y-racores-para-la-maquinaria-de-embalaje\/#breadcrumb\"},\"inLanguage\":\"sv-SE\",\"potentialAction\":[{\"@type\":\"ReadAction\",\"target\":[\"https:\/\/www.fleximat.es\/tubos-y-racores-para-la-maquinaria-de-embalaje\/\"]}]},{\"@type\":\"BreadcrumbList\",\"@id\":\"https:\/\/www.fleximat.es\/tubos-y-racores-para-la-maquinaria-de-embalaje\/#breadcrumb\",\"itemListElement\":[{\"@type\":\"ListItem\",\"position\":1,\"name\":\"Portada\",\"item\":\"https:\/\/www.fleximat.es\/\"},{\"@type\":\"ListItem\",\"position\":2,\"name\":\"Tubos y racores para la maquinaria de embalaje\"}]},{\"@type\":\"WebSite\",\"@id\":\"https:\/\/www.fleximat.es\/bn\/#website\",\"url\":\"https:\/\/www.fleximat.es\/bn\/\",\"name\":\"Fleximat\",\"description\":\"Tu soluci\u00f3n en prensaestopas y tubos flexibles\",\"publisher\":{\"@id\":\"https:\/\/www.fleximat.es\/bn\/#organization\"},\"potentialAction\":[{\"@type\":\"SearchAction\",\"target\":{\"@type\":\"EntryPoint\",\"urlTemplate\":\"https:\/\/www.fleximat.es\/bn\/?s={search_term_string}\"},\"query-input\":\"required name=search_term_string\"}],\"inLanguage\":\"sv-SE\"},{\"@type\":\"Organization\",\"@id\":\"https:\/\/www.fleximat.es\/bn\/#organization\",\"name\":\"Fleximat\",\"url\":\"https:\/\/www.fleximat.es\/bn\/\",\"logo\":{\"@type\":\"ImageObject\",\"inLanguage\":\"sv-SE\",\"@id\":\"https:\/\/www.fleximat.es\/bn\/#\/schema\/logo\/image\/\",\"url\":\"https:\/\/www.fleximat.es\/wp-content\/uploads\/2023\/11\/fleximat-logo-1.png\",\"contentUrl\":\"https:\/\/www.fleximat.es\/wp-content\/uploads\/2023\/11\/fleximat-logo-1.png\",\"width\":1169,\"height\":289,\"caption\":\"Fleximat\"},\"image\":{\"@id\":\"https:\/\/www.fleximat.es\/bn\/#\/schema\/logo\/image\/\"}},{\"@type\":\"Person\",\"@id\":\"https:\/\/www.fleximat.es\/bn\/#\/schema\/person\/de8b4c68896d4a526be5f06f687775b7\",\"name\":\"eloi\",\"sameAs\":[\"https:\/\/www.fleximat.es\"],\"url\":\"https:\/\/www.fleximat.es\/sv\/author\/eloi\/\"}]}<\/script>\n<!-- \/ Yoast SEO plugin. -->","yoast_head_json":{"title":"Tubos y racores para la maquinaria de embalaje - Fleximat","robots":{"index":"index","follow":"follow","max-snippet":"max-snippet:-1","max-image-preview":"max-image-preview:large","max-video-preview":"max-video-preview:-1"},"canonical":"https:\/\/www.fleximat.es\/sv\/tubos-y-racores-para-la-maquinaria-de-embalaje\/","og_locale":"sv_SE","og_type":"article","og_title":"Tubos y racores para la maquinaria de embalaje - Fleximat","og_description":"La maquinaria de embalaje es de vital importancia para diferentes industrias, ya que brinda todos los beneficios del envasado a...","og_url":"https:\/\/www.fleximat.es\/sv\/tubos-y-racores-para-la-maquinaria-de-embalaje\/","og_site_name":"Fleximat","article_published_time":"2022-05-16T07:57:13+00:00","og_image":[{"width":1920,"height":1080,"url":"https:\/\/www.fleximat.es\/wp-content\/uploads\/2022\/05\/articulos-blog-2.jpg","type":"image\/jpeg"}],"author":"eloi","twitter_card":"summary_large_image","twitter_misc":{"Skriven av":"eloi","Ber\u00e4knad l\u00e4stid":"3 minuter"},"schema":{"@context":"https:\/\/schema.org","@graph":[{"@type":"Article","@id":"https:\/\/www.fleximat.es\/tubos-y-racores-para-la-maquinaria-de-embalaje\/#article","isPartOf":{"@id":"https:\/\/www.fleximat.es\/tubos-y-racores-para-la-maquinaria-de-embalaje\/"},"author":{"name":"eloi","@id":"https:\/\/www.fleximat.es\/bn\/#\/schema\/person\/de8b4c68896d4a526be5f06f687775b7"},"headline":"Tubos y racores para la maquinaria de embalaje","datePublished":"2022-05-16T07:57:13+00:00","dateModified":"2022-05-16T07:57:13+00:00","mainEntityOfPage":{"@id":"https:\/\/www.fleximat.es\/tubos-y-racores-para-la-maquinaria-de-embalaje\/"},"wordCount":557,"commentCount":0,"publisher":{"@id":"https:\/\/www.fleximat.es\/bn\/#organization"},"keywords":["tubos y racores"],"articleSection":["Proyectos"],"inLanguage":"sv-SE","potentialAction":[{"@type":"CommentAction","name":"Comment","target":["https:\/\/www.fleximat.es\/tubos-y-racores-para-la-maquinaria-de-embalaje\/#respond"]}]},{"@type":"WebPage","@id":"https:\/\/www.fleximat.es\/tubos-y-racores-para-la-maquinaria-de-embalaje\/","url":"https:\/\/www.fleximat.es\/tubos-y-racores-para-la-maquinaria-de-embalaje\/","name":"Tubos y racores para la maquinaria de embalaje - Fleximat","isPartOf":{"@id":"https:\/\/www.fleximat.es\/bn\/#website"},"datePublished":"2022-05-16T07:57:13+00:00","dateModified":"2022-05-16T07:57:13+00:00","breadcrumb":{"@id":"https:\/\/www.fleximat.es\/tubos-y-racores-para-la-maquinaria-de-embalaje\/#breadcrumb"},"inLanguage":"sv-SE","potentialAction":[{"@type":"ReadAction","target":["https:\/\/www.fleximat.es\/tubos-y-racores-para-la-maquinaria-de-embalaje\/"]}]},{"@type":"BreadcrumbList","@id":"https:\/\/www.fleximat.es\/tubos-y-racores-para-la-maquinaria-de-embalaje\/#breadcrumb","itemListElement":[{"@type":"ListItem","position":1,"name":"Portada","item":"https:\/\/www.fleximat.es\/"},{"@type":"ListItem","position":2,"name":"Tubos y racores para la maquinaria de embalaje"}]},{"@type":"WebSite","@id":"https:\/\/www.fleximat.es\/bn\/#website","url":"https:\/\/www.fleximat.es\/bn\/","name":"Fleximat","description":"Tu soluci\u00f3n en prensaestopas y tubos flexibles","publisher":{"@id":"https:\/\/www.fleximat.es\/bn\/#organization"},"potentialAction":[{"@type":"SearchAction","target":{"@type":"EntryPoint","urlTemplate":"https:\/\/www.fleximat.es\/bn\/?s={search_term_string}"},"query-input":"required name=search_term_string"}],"inLanguage":"sv-SE"},{"@type":"Organization","@id":"https:\/\/www.fleximat.es\/bn\/#organization","name":"Fleximat","url":"https:\/\/www.fleximat.es\/bn\/","logo":{"@type":"ImageObject","inLanguage":"sv-SE","@id":"https:\/\/www.fleximat.es\/bn\/#\/schema\/logo\/image\/","url":"https:\/\/www.fleximat.es\/wp-content\/uploads\/2023\/11\/fleximat-logo-1.png","contentUrl":"https:\/\/www.fleximat.es\/wp-content\/uploads\/2023\/11\/fleximat-logo-1.png","width":1169,"height":289,"caption":"Fleximat"},"image":{"@id":"https:\/\/www.fleximat.es\/bn\/#\/schema\/logo\/image\/"}},{"@type":"Person","@id":"https:\/\/www.fleximat.es\/bn\/#\/schema\/person\/de8b4c68896d4a526be5f06f687775b7","name":"eloi","sameAs":["https:\/\/www.fleximat.es"],"url":"https:\/\/www.fleximat.es\/sv\/author\/eloi\/"}]}},"taxonomy_info":{"category":[{"value":110,"label":"Proyectos"}],"post_tag":[{"value":111,"label":"tubos y racores"}]},"featured_image_src_large":["https:\/\/www.fleximat.es\/wp-content\/uploads\/2022\/05\/articulos-blog-2-1024x576.jpg",1024,576,true],"author_info":{"display_name":"eloi","author_link":"https:\/\/www.fleximat.es\/sv\/author\/eloi\/"},"comment_info":1,"category_info":[{"term_id":110,"name":"Proyectos","slug":"proyectos","term_group":0,"term_taxonomy_id":110,"taxonomy":"category","description":"","parent":0,"count":1,"filter":"raw","term_order":"0","cat_ID":110,"category_count":1,"category_description":"","cat_name":"Proyectos","category_nicename":"proyectos","category_parent":0}],"tag_info":[{"term_id":111,"name":"tubos y racores","slug":"tubos-y-racores","term_group":0,"term_taxonomy_id":111,"taxonomy":"post_tag","description":"","parent":0,"count":1,"filter":"raw","term_order":"0"}],"_links":{"self":[{"href":"https:\/\/www.fleximat.es\/sv\/wp-json\/wp\/v2\/posts\/1376"}],"collection":[{"href":"https:\/\/www.fleximat.es\/sv\/wp-json\/wp\/v2\/posts"}],"about":[{"href":"https:\/\/www.fleximat.es\/sv\/wp-json\/wp\/v2\/types\/post"}],"author":[{"embeddable":true,"href":"https:\/\/www.fleximat.es\/sv\/wp-json\/wp\/v2\/users\/1"}],"replies":[{"embeddable":true,"href":"https:\/\/www.fleximat.es\/sv\/wp-json\/wp\/v2\/comments?post=1376"}],"version-history":[{"count":0,"href":"https:\/\/www.fleximat.es\/sv\/wp-json\/wp\/v2\/posts\/1376\/revisions"}],"wp:featuredmedia":[{"embeddable":true,"href":"https:\/\/www.fleximat.es\/sv\/wp-json\/wp\/v2\/media\/2440"}],"wp:attachment":[{"href":"https:\/\/www.fleximat.es\/sv\/wp-json\/wp\/v2\/media?parent=1376"}],"wp:term":[{"taxonomy":"category","embeddable":true,"href":"https:\/\/www.fleximat.es\/sv\/wp-json\/wp\/v2\/categories?post=1376"},{"taxonomy":"post_tag","embeddable":true,"href":"https:\/\/www.fleximat.es\/sv\/wp-json\/wp\/v2\/tags?post=1376"}],"curies":[{"name":"wp","href":"https:\/\/api.w.org\/{rel}","templated":true}]}}