{"id":2416,"date":"2021-08-12T20:37:00","date_gmt":"2021-08-12T20:37:00","guid":{"rendered":"https:\/\/www.fleximat.es\/blog\/?p=109"},"modified":"2023-11-08T10:35:45","modified_gmt":"2023-11-08T09:35:45","slug":"cables-armados-y-prensaestopas-un-sistema-eficaz-y-segura-para-su-proyecto","status":"publish","type":"post","link":"https:\/\/www.fleximat.es\/sv\/cables-armados-y-prensaestopas-un-sistema-eficaz-y-segura-para-su-proyecto\/","title":{"rendered":"Armerade kablar och kabelf\u00f6rskruvningar: ett effektivt och s\u00e4kert system f\u00f6r ditt projekt"},"content":{"rendered":"<p>Pansarkablar \u00e4r vanliga kablar med ett skyddande lager mellan jackorna. De t\u00e5l h\u00f6gre p\u00e5frestningar och begravs direkt under jorden. Dess specifika egenskaper g\u00f6r att <a href=\"https:\/\/www.fleximat.es\/sv\/index.html\/\">armerade kablar och kabelgenomf\u00f6ringar<\/a> m\u00e5ste v\u00e4ljas efter specifika behov.<\/p>\n<p>Med tanke p\u00e5 detta m\u00e5ste metallkabelf\u00f6rskruvningar v\u00e4ljas f\u00f6r armerade kablar, vilket m\u00f6jligg\u00f6r kompressionst\u00e4tning som ger s\u00e4kerhet och effektivitet i projekt.<\/p>\n<p>De <strong>armerade kablar och kabelgenomf\u00f6ringar<\/strong> skapa ett effektivt system med hj\u00e4lp av specifika kabelgenomf\u00f6ringar som vanligtvis \u00e4r avsedda f\u00f6r anslutningar med armerade kablar, exteri\u00f6ra och inre anslutningar, anslutningar med direktavslutning, anslutningar f\u00f6r zon 1 och zon 2 (i riskomr\u00e5den), samt f\u00f6r anslutningar som st\u00f6der en h\u00f6g belastning av vikt och s\u00e4rskilt h\u00f6g sp\u00e4nning.<\/p>\n<p><img loading=\"lazy\" decoding=\"async\" class=\"alignnone size-full wp-image-110\" src=\"https:\/\/www.fleximat.es\/wp-content\/uploads\/2021\/08\/electric-4198293_1920-1.jpg\" alt=\"\" width=\"1920\" height=\"1280\" \/><\/p>\n<h2>Pansarkablar och kabelgenomf\u00f6ringar, vad du b\u00f6r veta<\/h2>\n<p>De <strong>armerade kablar och kabelgenomf\u00f6ringar<\/strong> De har specifika egenskaper f\u00f6r korrekt funktion. Dess design \u00e4r robust, vilket hj\u00e4lper till att s\u00e4kra kablar till ditt element.<\/p>\n<p>Dessutom \u00e4r en annan viktig egenskap att de f\u00f6rhindrar yttre element som v\u00e4tskor och damm fr\u00e5n att komma in i elementets inre. Till detta kommer att de fungerar som jordanslutning, till skillnad fr\u00e5n en enkel gummipackning, med en packbox etableras ett effektivt kompressionst\u00e4tningssystem.<\/p>\n<p>\u00c5 andra sidan, beroende p\u00e5 de valda modellerna, kan en IP-66\/67\/68 vattent\u00e4t t\u00e4tning skapas och tillg\u00e5ngen p\u00e5 anslutning till olika kablar (SWA, STA).<\/p>\n<p>F\u00f6rdelarna med <strong>armerade kablar och kabelgenomf\u00f6ringar<\/strong> \u00e4r att de presenterar ett utm\u00e4rkt f\u00f6rh\u00e5llande mellan kvalitet och pris i projektet, f\u00f6rutom att de \u00e4r antidrag- och antivibrationselement.<\/p>\n<p>Med <strong>armerade kablar och kabelgenomf\u00f6ringar<\/strong> Snabb och enkel montering kan uppn\u00e5s samtidigt som RoHS-reglerna f\u00f6ljs. Dessutom kan du r\u00e4kna med ett brett temperaturomr\u00e5de f\u00f6r arbete.<\/p>\n<p>Hos Fleximat har vi alla typer av g\u00e4ngor: Metrisk, PG, GAS och NPT, med packning f\u00f6r olika kablar, med l\u00e5ng och extra l\u00e5ng g\u00e4nga, i Anti-Torsion version. Vi erbjuder dig tillval i rostfritt st\u00e5l och aluminium, samt olika tillbeh\u00f6r f\u00f6r sortimentet av kabelgenomf\u00f6ringar f\u00f6r armerade kablar, s\u00e5som plastlock eller jordanslutningsuttag.<\/p>\n<p>Alla kabelgenomf\u00f6ringar som vi erbjuder hos Fleximat f\u00f6r armerade kablar uppfyller kraven i de h\u00f6gsta internationella kvalitetsstandarderna. V\u00e5ra produkter \u00e4r certifierade enligt standarderna EN 60079-0:2012, 60079-7:2007, 60079-31:2009, 60079-1:2007, BS6121, CE (European Conformity), RoHS (Restriction of Hazardous Substances) och GOST - R (Gosudarstvenny Standart Ryssland).<\/p>\n<p>R\u00e4kna med Fleximat som din allierade f\u00f6r dina projekt. Sedan 1998 har vi utvecklat och tillverkat h\u00f6gkvalitativa produkter och system f\u00f6r skydd och anslutning av elkablar med produkter som \u00e4r mycket uppskattade av ledande f\u00f6retag inom olika sektorer, samtidigt som vi forts\u00e4tter att skapa mer anv\u00e4ndbara l\u00f6sningar som anpassar sig till marknadens behov.<\/p>","protected":false},"excerpt":{"rendered":"<p>Pansarkablar \u00e4r vanliga kablar med ett skyddande lager mellan jackorna. De t\u00e5l h\u00f6gre sp\u00e4nningar och...<\/p>","protected":false},"author":1,"featured_media":2474,"comment_status":"open","ping_status":"open","sticky":false,"template":"","format":"standard","meta":{"_kad_blocks_custom_css":"","_kad_blocks_head_custom_js":"","_kad_blocks_body_custom_js":"","_kad_blocks_footer_custom_js":"","_kadence_starter_templates_imported_post":false,"_kad_post_transparent":"","_kad_post_title":"","_kad_post_layout":"","_kad_post_sidebar_id":"","_kad_post_content_style":"","_kad_post_vertical_padding":"","_kad_post_feature":"","_kad_post_feature_position":"","_kad_post_header":false,"_kad_post_footer":false,"footnotes":""},"categories":[102],"tags":[117],"class_list":["post-2416","post","type-post","status-publish","format-standard","has-post-thumbnail","hentry","category-proteccion-de-cableados","tag-cables-armados-y-prensaestopas"],"yoast_head":"<!-- This site is optimized with the Yoast SEO plugin v21.7 - https:\/\/yoast.com\/wordpress\/plugins\/seo\/ -->\n<title>Cables armados y prensaestopas: un sistema eficaz y seguro para su proyecto - Fleximat<\/title>\n<meta name=\"robots\" content=\"index, follow, max-snippet:-1, max-image-preview:large, max-video-preview:-1\" \/>\n<link rel=\"canonical\" href=\"https:\/\/www.fleximat.es\/sv\/cables-armados-y-prensaestopas-un-sistema-eficaz-y-segura-para-su-proyecto\/\" \/>\n<meta property=\"og:locale\" content=\"sv_SE\" \/>\n<meta property=\"og:type\" content=\"article\" \/>\n<meta property=\"og:title\" content=\"Cables armados y prensaestopas: un sistema eficaz y seguro para su proyecto - Fleximat\" \/>\n<meta property=\"og:description\" content=\"Los cables armados son cables comunes con una capa protectora entre las chaquetas. Pueden soportar una tensi\u00f3n m\u00e1s alta y...\" \/>\n<meta property=\"og:url\" content=\"https:\/\/www.fleximat.es\/sv\/cables-armados-y-prensaestopas-un-sistema-eficaz-y-segura-para-su-proyecto\/\" \/>\n<meta property=\"og:site_name\" content=\"Fleximat\" \/>\n<meta property=\"article:published_time\" content=\"2021-08-12T20:37:00+00:00\" \/>\n<meta property=\"article:modified_time\" content=\"2023-11-08T09:35:45+00:00\" \/>\n<meta property=\"og:image\" content=\"https:\/\/www.fleximat.es\/wp-content\/uploads\/2021\/08\/th_crop_1571915494prensaestopas-atex-armado-1.jpg\" \/>\n\t<meta property=\"og:image:width\" content=\"1080\" \/>\n\t<meta property=\"og:image:height\" content=\"720\" \/>\n\t<meta property=\"og:image:type\" content=\"image\/jpeg\" \/>\n<meta name=\"author\" content=\"eloi\" \/>\n<meta name=\"twitter:card\" content=\"summary_large_image\" \/>\n<meta name=\"twitter:label1\" content=\"Skriven av\" \/>\n\t<meta name=\"twitter:data1\" content=\"eloi\" \/>\n\t<meta name=\"twitter:label2\" content=\"Ber\u00e4knad l\u00e4stid\" \/>\n\t<meta name=\"twitter:data2\" content=\"3 minuter\" \/>\n<script type=\"application\/ld+json\" class=\"yoast-schema-graph\">{\"@context\":\"https:\/\/schema.org\",\"@graph\":[{\"@type\":\"Article\",\"@id\":\"https:\/\/www.fleximat.es\/bn\/cables-armados-y-prensaestopas-un-sistema-eficaz-y-segura-para-su-proyecto\/#article\",\"isPartOf\":{\"@id\":\"https:\/\/www.fleximat.es\/bn\/cables-armados-y-prensaestopas-un-sistema-eficaz-y-segura-para-su-proyecto\/\"},\"author\":{\"name\":\"eloi\",\"@id\":\"https:\/\/www.fleximat.es\/bn\/#\/schema\/person\/de8b4c68896d4a526be5f06f687775b7\"},\"headline\":\"Cables armados y prensaestopas: un sistema eficaz y seguro para su proyecto\",\"datePublished\":\"2021-08-12T20:37:00+00:00\",\"dateModified\":\"2023-11-08T09:35:45+00:00\",\"mainEntityOfPage\":{\"@id\":\"https:\/\/www.fleximat.es\/bn\/cables-armados-y-prensaestopas-un-sistema-eficaz-y-segura-para-su-proyecto\/\"},\"wordCount\":512,\"commentCount\":0,\"publisher\":{\"@id\":\"https:\/\/www.fleximat.es\/bn\/#organization\"},\"keywords\":[\"cables armados y prensaestopas\"],\"articleSection\":[\"Protecci\u00f3n de cableados\"],\"inLanguage\":\"sv-SE\",\"potentialAction\":[{\"@type\":\"CommentAction\",\"name\":\"Comment\",\"target\":[\"https:\/\/www.fleximat.es\/bn\/cables-armados-y-prensaestopas-un-sistema-eficaz-y-segura-para-su-proyecto\/#respond\"]}]},{\"@type\":\"WebPage\",\"@id\":\"https:\/\/www.fleximat.es\/bn\/cables-armados-y-prensaestopas-un-sistema-eficaz-y-segura-para-su-proyecto\/\",\"url\":\"https:\/\/www.fleximat.es\/bn\/cables-armados-y-prensaestopas-un-sistema-eficaz-y-segura-para-su-proyecto\/\",\"name\":\"Cables armados y prensaestopas: un sistema eficaz y seguro para su proyecto - Fleximat\",\"isPartOf\":{\"@id\":\"https:\/\/www.fleximat.es\/bn\/#website\"},\"datePublished\":\"2021-08-12T20:37:00+00:00\",\"dateModified\":\"2023-11-08T09:35:45+00:00\",\"breadcrumb\":{\"@id\":\"https:\/\/www.fleximat.es\/bn\/cables-armados-y-prensaestopas-un-sistema-eficaz-y-segura-para-su-proyecto\/#breadcrumb\"},\"inLanguage\":\"sv-SE\",\"potentialAction\":[{\"@type\":\"ReadAction\",\"target\":[\"https:\/\/www.fleximat.es\/bn\/cables-armados-y-prensaestopas-un-sistema-eficaz-y-segura-para-su-proyecto\/\"]}]},{\"@type\":\"BreadcrumbList\",\"@id\":\"https:\/\/www.fleximat.es\/bn\/cables-armados-y-prensaestopas-un-sistema-eficaz-y-segura-para-su-proyecto\/#breadcrumb\",\"itemListElement\":[{\"@type\":\"ListItem\",\"position\":1,\"name\":\"Portada\",\"item\":\"https:\/\/www.fleximat.es\/\"},{\"@type\":\"ListItem\",\"position\":2,\"name\":\"Cables armados y prensaestopas: un sistema eficaz y seguro para su proyecto\"}]},{\"@type\":\"WebSite\",\"@id\":\"https:\/\/www.fleximat.es\/bn\/#website\",\"url\":\"https:\/\/www.fleximat.es\/bn\/\",\"name\":\"Fleximat\",\"description\":\"Tu soluci\u00f3n en prensaestopas y tubos flexibles\",\"publisher\":{\"@id\":\"https:\/\/www.fleximat.es\/bn\/#organization\"},\"potentialAction\":[{\"@type\":\"SearchAction\",\"target\":{\"@type\":\"EntryPoint\",\"urlTemplate\":\"https:\/\/www.fleximat.es\/bn\/?s={search_term_string}\"},\"query-input\":\"required name=search_term_string\"}],\"inLanguage\":\"sv-SE\"},{\"@type\":\"Organization\",\"@id\":\"https:\/\/www.fleximat.es\/bn\/#organization\",\"name\":\"Fleximat\",\"url\":\"https:\/\/www.fleximat.es\/bn\/\",\"logo\":{\"@type\":\"ImageObject\",\"inLanguage\":\"sv-SE\",\"@id\":\"https:\/\/www.fleximat.es\/bn\/#\/schema\/logo\/image\/\",\"url\":\"https:\/\/www.fleximat.es\/wp-content\/uploads\/2023\/11\/fleximat-logo-1.png\",\"contentUrl\":\"https:\/\/www.fleximat.es\/wp-content\/uploads\/2023\/11\/fleximat-logo-1.png\",\"width\":1169,\"height\":289,\"caption\":\"Fleximat\"},\"image\":{\"@id\":\"https:\/\/www.fleximat.es\/bn\/#\/schema\/logo\/image\/\"}},{\"@type\":\"Person\",\"@id\":\"https:\/\/www.fleximat.es\/bn\/#\/schema\/person\/de8b4c68896d4a526be5f06f687775b7\",\"name\":\"eloi\",\"sameAs\":[\"https:\/\/www.fleximat.es\"],\"url\":\"https:\/\/www.fleximat.es\/sv\/author\/eloi\/\"}]}<\/script>\n<!-- \/ Yoast SEO plugin. -->","yoast_head_json":{"title":"Cables armados y prensaestopas: un sistema eficaz y seguro para su proyecto - Fleximat","robots":{"index":"index","follow":"follow","max-snippet":"max-snippet:-1","max-image-preview":"max-image-preview:large","max-video-preview":"max-video-preview:-1"},"canonical":"https:\/\/www.fleximat.es\/sv\/cables-armados-y-prensaestopas-un-sistema-eficaz-y-segura-para-su-proyecto\/","og_locale":"sv_SE","og_type":"article","og_title":"Cables armados y prensaestopas: un sistema eficaz y seguro para su proyecto - Fleximat","og_description":"Los cables armados son cables comunes con una capa protectora entre las chaquetas. Pueden soportar una tensi\u00f3n m\u00e1s alta y...","og_url":"https:\/\/www.fleximat.es\/sv\/cables-armados-y-prensaestopas-un-sistema-eficaz-y-segura-para-su-proyecto\/","og_site_name":"Fleximat","article_published_time":"2021-08-12T20:37:00+00:00","article_modified_time":"2023-11-08T09:35:45+00:00","og_image":[{"width":1080,"height":720,"url":"https:\/\/www.fleximat.es\/wp-content\/uploads\/2021\/08\/th_crop_1571915494prensaestopas-atex-armado-1.jpg","type":"image\/jpeg"}],"author":"eloi","twitter_card":"summary_large_image","twitter_misc":{"Skriven av":"eloi","Ber\u00e4knad l\u00e4stid":"3 minuter"},"schema":{"@context":"https:\/\/schema.org","@graph":[{"@type":"Article","@id":"https:\/\/www.fleximat.es\/bn\/cables-armados-y-prensaestopas-un-sistema-eficaz-y-segura-para-su-proyecto\/#article","isPartOf":{"@id":"https:\/\/www.fleximat.es\/bn\/cables-armados-y-prensaestopas-un-sistema-eficaz-y-segura-para-su-proyecto\/"},"author":{"name":"eloi","@id":"https:\/\/www.fleximat.es\/bn\/#\/schema\/person\/de8b4c68896d4a526be5f06f687775b7"},"headline":"Cables armados y prensaestopas: un sistema eficaz y seguro para su proyecto","datePublished":"2021-08-12T20:37:00+00:00","dateModified":"2023-11-08T09:35:45+00:00","mainEntityOfPage":{"@id":"https:\/\/www.fleximat.es\/bn\/cables-armados-y-prensaestopas-un-sistema-eficaz-y-segura-para-su-proyecto\/"},"wordCount":512,"commentCount":0,"publisher":{"@id":"https:\/\/www.fleximat.es\/bn\/#organization"},"keywords":["cables armados y prensaestopas"],"articleSection":["Protecci\u00f3n de cableados"],"inLanguage":"sv-SE","potentialAction":[{"@type":"CommentAction","name":"Comment","target":["https:\/\/www.fleximat.es\/bn\/cables-armados-y-prensaestopas-un-sistema-eficaz-y-segura-para-su-proyecto\/#respond"]}]},{"@type":"WebPage","@id":"https:\/\/www.fleximat.es\/bn\/cables-armados-y-prensaestopas-un-sistema-eficaz-y-segura-para-su-proyecto\/","url":"https:\/\/www.fleximat.es\/bn\/cables-armados-y-prensaestopas-un-sistema-eficaz-y-segura-para-su-proyecto\/","name":"Cables armados y prensaestopas: un sistema eficaz y seguro para su proyecto - Fleximat","isPartOf":{"@id":"https:\/\/www.fleximat.es\/bn\/#website"},"datePublished":"2021-08-12T20:37:00+00:00","dateModified":"2023-11-08T09:35:45+00:00","breadcrumb":{"@id":"https:\/\/www.fleximat.es\/bn\/cables-armados-y-prensaestopas-un-sistema-eficaz-y-segura-para-su-proyecto\/#breadcrumb"},"inLanguage":"sv-SE","potentialAction":[{"@type":"ReadAction","target":["https:\/\/www.fleximat.es\/bn\/cables-armados-y-prensaestopas-un-sistema-eficaz-y-segura-para-su-proyecto\/"]}]},{"@type":"BreadcrumbList","@id":"https:\/\/www.fleximat.es\/bn\/cables-armados-y-prensaestopas-un-sistema-eficaz-y-segura-para-su-proyecto\/#breadcrumb","itemListElement":[{"@type":"ListItem","position":1,"name":"Portada","item":"https:\/\/www.fleximat.es\/"},{"@type":"ListItem","position":2,"name":"Cables armados y prensaestopas: un sistema eficaz y seguro para su proyecto"}]},{"@type":"WebSite","@id":"https:\/\/www.fleximat.es\/bn\/#website","url":"https:\/\/www.fleximat.es\/bn\/","name":"Fleximat","description":"Tu soluci\u00f3n en prensaestopas y tubos flexibles","publisher":{"@id":"https:\/\/www.fleximat.es\/bn\/#organization"},"potentialAction":[{"@type":"SearchAction","target":{"@type":"EntryPoint","urlTemplate":"https:\/\/www.fleximat.es\/bn\/?s={search_term_string}"},"query-input":"required name=search_term_string"}],"inLanguage":"sv-SE"},{"@type":"Organization","@id":"https:\/\/www.fleximat.es\/bn\/#organization","name":"Fleximat","url":"https:\/\/www.fleximat.es\/bn\/","logo":{"@type":"ImageObject","inLanguage":"sv-SE","@id":"https:\/\/www.fleximat.es\/bn\/#\/schema\/logo\/image\/","url":"https:\/\/www.fleximat.es\/wp-content\/uploads\/2023\/11\/fleximat-logo-1.png","contentUrl":"https:\/\/www.fleximat.es\/wp-content\/uploads\/2023\/11\/fleximat-logo-1.png","width":1169,"height":289,"caption":"Fleximat"},"image":{"@id":"https:\/\/www.fleximat.es\/bn\/#\/schema\/logo\/image\/"}},{"@type":"Person","@id":"https:\/\/www.fleximat.es\/bn\/#\/schema\/person\/de8b4c68896d4a526be5f06f687775b7","name":"eloi","sameAs":["https:\/\/www.fleximat.es"],"url":"https:\/\/www.fleximat.es\/sv\/author\/eloi\/"}]}},"taxonomy_info":{"category":[{"value":102,"label":"Protecci\u00f3n de cableados"}],"post_tag":[{"value":117,"label":"cables armados y prensaestopas"}]},"featured_image_src_large":["https:\/\/www.fleximat.es\/wp-content\/uploads\/2021\/08\/th_crop_1571915494prensaestopas-atex-armado-1-1024x683.jpg",1024,683,true],"author_info":{"display_name":"eloi","author_link":"https:\/\/www.fleximat.es\/sv\/author\/eloi\/"},"comment_info":0,"category_info":[{"term_id":102,"name":"Protecci\u00f3n de cableados","slug":"proteccion-de-cableados","term_group":0,"term_taxonomy_id":102,"taxonomy":"category","description":"","parent":0,"count":14,"filter":"raw","term_order":"0","cat_ID":102,"category_count":14,"category_description":"","cat_name":"Protecci\u00f3n de cableados","category_nicename":"proteccion-de-cableados","category_parent":0}],"tag_info":[{"term_id":117,"name":"cables armados y prensaestopas","slug":"cables-armados-y-prensaestopas","term_group":0,"term_taxonomy_id":117,"taxonomy":"post_tag","description":"","parent":0,"count":1,"filter":"raw","term_order":"0"}],"_links":{"self":[{"href":"https:\/\/www.fleximat.es\/sv\/wp-json\/wp\/v2\/posts\/2416"}],"collection":[{"href":"https:\/\/www.fleximat.es\/sv\/wp-json\/wp\/v2\/posts"}],"about":[{"href":"https:\/\/www.fleximat.es\/sv\/wp-json\/wp\/v2\/types\/post"}],"author":[{"embeddable":true,"href":"https:\/\/www.fleximat.es\/sv\/wp-json\/wp\/v2\/users\/1"}],"replies":[{"embeddable":true,"href":"https:\/\/www.fleximat.es\/sv\/wp-json\/wp\/v2\/comments?post=2416"}],"version-history":[{"count":0,"href":"https:\/\/www.fleximat.es\/sv\/wp-json\/wp\/v2\/posts\/2416\/revisions"}],"wp:featuredmedia":[{"embeddable":true,"href":"https:\/\/www.fleximat.es\/sv\/wp-json\/wp\/v2\/media\/2474"}],"wp:attachment":[{"href":"https:\/\/www.fleximat.es\/sv\/wp-json\/wp\/v2\/media?parent=2416"}],"wp:term":[{"taxonomy":"category","embeddable":true,"href":"https:\/\/www.fleximat.es\/sv\/wp-json\/wp\/v2\/categories?post=2416"},{"taxonomy":"post_tag","embeddable":true,"href":"https:\/\/www.fleximat.es\/sv\/wp-json\/wp\/v2\/tags?post=2416"}],"curies":[{"name":"wp","href":"https:\/\/api.w.org\/{rel}","templated":true}]}}