{"id":1376,"date":"2022-05-16T07:57:13","date_gmt":"2022-05-16T07:57:13","guid":{"rendered":"https:\/\/fleximart.desarrollowebsonline.es\/?p=1376"},"modified":"2022-05-16T07:57:13","modified_gmt":"2022-05-16T07:57:13","slug":"tubos-y-racores-para-la-maquinaria-de-embalaje","status":"publish","type":"post","link":"https:\/\/www.fleximat.es\/tr\/tubos-y-racores-para-la-maquinaria-de-embalaje\/","title":{"rendered":"Paketleme makineleri i\u00e7in borular ve ba\u011flant\u0131 par\u00e7alar\u0131"},"content":{"rendered":"<p style=\"text-align: justify;\">Paketleme makineleri, paketlemenin t\u00fcm faydalar\u0131n\u0131 \u00fcr\u00fcnlere ta\u015f\u0131mas\u0131 nedeniyle farkl\u0131 end\u00fcstriler i\u00e7in hayati \u00f6nem ta\u015f\u0131maktad\u0131r. Bu g\u00f6z \u00f6n\u00fcne al\u0131nd\u0131\u011f\u0131nda, borular ve ba\u011flant\u0131 par\u00e7alar\u0131, paketleme makinelerinin do\u011fru ve verimli \u00e7al\u0131\u015fmas\u0131n\u0131 sa\u011flamak i\u00e7in g\u00fcvenli ve profesyonel bir \u015fekilde ba\u011flanan ve koruyan poliamid par\u00e7alard\u0131r.<\/p>\n<p style=\"text-align: justify;\">Boru ve ba\u011flant\u0131 par\u00e7alar\u0131n\u0131n temel g\u00f6revi paketleme makinelerinin elektrik ba\u011flant\u0131lar\u0131n\u0131 korurken ayn\u0131 zamanda ekipmandaki kablolar\u0131 da ba\u011flamakt\u0131r. Ayr\u0131ca kurulumu kolayd\u0131r ve m\u00fckemmel mekanik dirence sahiptirler.<\/p>\n<p style=\"text-align: justify;\">Paketleme makineleri \u00fcr\u00fcn\u00fc bir\u00e7ok farkl\u0131 \u015fekilde koruyabilir. Sadece \u00fcr\u00fcn\u00fc de\u011fil, paketleme s\u00fcrecini de g\u00fcvende tutabilir, t\u00fcketiciye ula\u015fana kadar \u00fcr\u00fcn\u00fcn ve paketin korunmas\u0131na yard\u0131mc\u0131 olabilirler. Bu korumalar\u0131n tutarl\u0131 ve g\u00fcvenilir bir \u015fekilde sunulmas\u0131, paketleme makinelerinin \u00fcr\u00fcn korumas\u0131ndan \u00f6d\u00fcn vermeden verimlili\u011fi ve \u00fcretimi artt\u0131rd\u0131\u011f\u0131 anlam\u0131na gelir.<\/p>\n<p style=\"text-align: justify;\">Bu g\u00f6z \u00f6n\u00fcne al\u0131nd\u0131\u011f\u0131nda, paketleme makinelerinin d\u00fczg\u00fcn \u00e7al\u0131\u015fmas\u0131na yard\u0131mc\u0131 olan borular ve ba\u011flant\u0131 par\u00e7alar\u0131 vard\u0131r. Bunlar, \u00f6\u011fe sonu\u00e7lar\u0131nda dalgalanmalara neden olabilecek manuel se\u00e7eneklerin aksine, her s\u00fcre\u00e7te do\u011frulu\u011fun korunmas\u0131na yard\u0131mc\u0131 olur.<\/p>\n<h2 style=\"text-align: justify;\"><strong><img loading=\"lazy\" decoding=\"async\" class=\"aligncenter wp-image-759 size-full\" src=\"https:\/\/www.fleximat.es\/wp-content\/uploads\/2022\/02\/th_crop_1571674351racores-y-tubos-metalicos-1-e1695208817557.jpg\" alt=\"\" width=\"600\" height=\"600\" srcset=\"https:\/\/www.fleximat.es\/wp-content\/uploads\/2022\/02\/th_crop_1571674351racores-y-tubos-metalicos-1-e1695208817557-100x100.jpg 100w, https:\/\/www.fleximat.es\/wp-content\/uploads\/2022\/02\/th_crop_1571674351racores-y-tubos-metalicos-1-e1695208817557-150x150.jpg 150w\" sizes=\"(max-width: 600px) 100vw, 600px\" \/><\/strong><\/h2>\n<h2 style=\"text-align: justify;\"><strong>En iyi kalite ve sonu\u00e7lar <\/strong><\/h2>\n<p style=\"text-align: justify;\">Paketleme makinelerinde do\u011fru ve en kaliteli boru ve ba\u011flant\u0131 par\u00e7alar\u0131n\u0131 kulland\u0131\u011f\u0131m\u0131zda \u00fcretim verimlili\u011finin artmas\u0131na yard\u0131mc\u0131 oluyoruz.<\/p>\n<p style=\"text-align: justify;\">Dolay\u0131s\u0131yla bu e\u015fyalar\u0131 kullanmak, belirli e\u015fyalar\u0131 m\u00fcmk\u00fcn olan en k\u0131sa s\u00fcrede ve belki de belirli bir s\u00fcrede paketlemenize olanak tan\u0131r. B\u00fcy\u00fck e\u015fyalar\u0131n yan\u0131 s\u0131ra k\u00fc\u00e7\u00fck serbest ak\u0131\u015fl\u0131 e\u015fyalar\u0131 da tek bir d\u00f6ng\u00fcde bir\u00e7ok kaba h\u0131zl\u0131 bir \u015fekilde doldurdu\u011funu fark edeceksiniz.<\/p>\n<p style=\"text-align: justify;\">\u00d6te yandan g\u00fcvenilirlik ve tutarl\u0131l\u0131k ambalaj end\u00fcstrisindeki di\u011fer fakt\u00f6rler kadar \u00f6nemli fakt\u00f6rlerdir. \u0130\u015finizde tutarl\u0131l\u0131k hi\u00e7 \u015f\u00fcphesiz hayal edebilece\u011finizden daha \u00f6nemlidir. G\u00fcvenilir olmak, fark\u0131ndal\u0131k olu\u015fturman\u0131za, g\u00fcven olu\u015fturman\u0131za ve hizmetlerinizi etkili ve faydal\u0131 bir \u015fekilde aktarman\u0131za olanak tan\u0131r. Bu olmadan, i\u015fletmenizin ba\u015far\u0131s\u0131z olma olas\u0131l\u0131\u011f\u0131 \u00e7ok y\u00fcksektir. Makineniz i\u00e7in gerekli boru ve ba\u011flant\u0131 elemanlar\u0131n\u0131 se\u00e7erek, her prosesinizde s\u00fcrekli ve g\u00fcvenilir sonu\u00e7lar elde edecek, gecikme ve malzeme kayb\u0131n\u0131 \u00f6nleyeceksiniz.<\/p>\n<p style=\"text-align: justify;\">Ambalaj\u0131n a\u011f\u0131rl\u0131k, hacim, seviye veya ba\u015fka bir tahmine dayal\u0131 olmas\u0131 \u00f6nemli de\u011fil. Yani paketleme makinalar\u0131 t\u00fcm ihtiya\u00e7lar\u0131n\u0131zda yard\u0131mc\u0131 olacakt\u0131r.<\/p>\n<p style=\"text-align: justify;\">Paketleme makineleriniz i\u00e7in boru ve ba\u011flant\u0131 par\u00e7alar\u0131 ar\u0131yorsan\u0131z Fleximat&#039;ta en y\u00fcksek kalite ve en rekabet\u00e7i fiyatlarla en iyi se\u00e7eneklere sahibiz. 1998 y\u0131l\u0131ndan bu yana farkl\u0131 sekt\u00f6rlerdeki t\u00fcm koruma ve ba\u011flant\u0131 ihtiya\u00e7lar\u0131n\u0131 kar\u015f\u0131layacak \u00fcr\u00fcnler geli\u015ftirmek ve \u00fcretmek i\u00e7in \u00e7al\u0131\u015f\u0131yoruz. G\u00fcvenilir \u00e7al\u0131\u015fmalar\u0131m\u0131z ve piyasadaki en iyi \u00e7\u00f6z\u00fcmleri sunmak i\u00e7in s\u00fcrekli olarak en iyi teknolojileri kullanma yetene\u011fimiz sayesinde bir\u00e7ok lider \u015firketin g\u00fcvenini kazand\u0131k.<\/p>\n<p style=\"text-align: justify;\">Buna ek olarak, ihtiya\u00e7lar\u0131n\u0131za uygun do\u011fru \u00fcr\u00fcnleri se\u00e7ti\u011finizden emin olmak i\u00e7in her t\u00fcrl\u00fc soruyu yan\u0131tlaman\u0131za yard\u0131mc\u0131 olacak bir ekibimiz var.<\/p>","protected":false},"excerpt":{"rendered":"<p>Paketleme makineleri, paketlemenin t\u00fcm faydalar\u0131n\u0131 sa\u011flad\u0131\u011f\u0131 i\u00e7in farkl\u0131 end\u00fcstriler i\u00e7in hayati \u00f6nem ta\u015f\u0131yor\u2026<\/p>","protected":false},"author":1,"featured_media":2440,"comment_status":"open","ping_status":"open","sticky":false,"template":"","format":"standard","meta":{"_kad_blocks_custom_css":"","_kad_blocks_head_custom_js":"","_kad_blocks_body_custom_js":"","_kad_blocks_footer_custom_js":"","_kadence_starter_templates_imported_post":false,"_kad_post_transparent":"","_kad_post_title":"","_kad_post_layout":"","_kad_post_sidebar_id":"","_kad_post_content_style":"","_kad_post_vertical_padding":"","_kad_post_feature":"","_kad_post_feature_position":"","_kad_post_header":false,"_kad_post_footer":false,"footnotes":""},"categories":[110],"tags":[111],"class_list":["post-1376","post","type-post","status-publish","format-standard","has-post-thumbnail","hentry","category-proyectos","tag-tubos-y-racores"],"yoast_head":"<!-- This site is optimized with the Yoast SEO plugin v21.7 - https:\/\/yoast.com\/wordpress\/plugins\/seo\/ -->\n<title>Tubos y racores para la maquinaria de embalaje - Fleximat<\/title>\n<meta name=\"robots\" content=\"index, follow, max-snippet:-1, max-image-preview:large, max-video-preview:-1\" \/>\n<link rel=\"canonical\" href=\"https:\/\/www.fleximat.es\/tr\/tubos-y-racores-para-la-maquinaria-de-embalaje\/\" \/>\n<meta property=\"og:locale\" content=\"tr_TR\" \/>\n<meta property=\"og:type\" content=\"article\" \/>\n<meta property=\"og:title\" content=\"Tubos y racores para la maquinaria de embalaje - Fleximat\" \/>\n<meta property=\"og:description\" content=\"La maquinaria de embalaje es de vital importancia para diferentes industrias, ya que brinda todos los beneficios del envasado a...\" \/>\n<meta property=\"og:url\" content=\"https:\/\/www.fleximat.es\/tr\/tubos-y-racores-para-la-maquinaria-de-embalaje\/\" \/>\n<meta property=\"og:site_name\" content=\"Fleximat\" \/>\n<meta property=\"article:published_time\" content=\"2022-05-16T07:57:13+00:00\" \/>\n<meta property=\"og:image\" content=\"https:\/\/www.fleximat.es\/wp-content\/uploads\/2022\/05\/articulos-blog-2.jpg\" \/>\n\t<meta property=\"og:image:width\" content=\"1920\" \/>\n\t<meta property=\"og:image:height\" content=\"1080\" \/>\n\t<meta property=\"og:image:type\" content=\"image\/jpeg\" \/>\n<meta name=\"author\" content=\"eloi\" \/>\n<meta name=\"twitter:card\" content=\"summary_large_image\" \/>\n<meta name=\"twitter:label1\" content=\"Yazan:\" \/>\n\t<meta name=\"twitter:data1\" content=\"eloi\" \/>\n\t<meta name=\"twitter:label2\" content=\"Tahmini okuma s\u00fcresi\" \/>\n\t<meta name=\"twitter:data2\" content=\"3 dakika\" \/>\n<script type=\"application\/ld+json\" class=\"yoast-schema-graph\">{\"@context\":\"https:\/\/schema.org\",\"@graph\":[{\"@type\":\"Article\",\"@id\":\"https:\/\/www.fleximat.es\/tubos-y-racores-para-la-maquinaria-de-embalaje\/#article\",\"isPartOf\":{\"@id\":\"https:\/\/www.fleximat.es\/tubos-y-racores-para-la-maquinaria-de-embalaje\/\"},\"author\":{\"name\":\"eloi\",\"@id\":\"https:\/\/www.fleximat.es\/bn\/#\/schema\/person\/de8b4c68896d4a526be5f06f687775b7\"},\"headline\":\"Tubos y racores para la maquinaria de embalaje\",\"datePublished\":\"2022-05-16T07:57:13+00:00\",\"dateModified\":\"2022-05-16T07:57:13+00:00\",\"mainEntityOfPage\":{\"@id\":\"https:\/\/www.fleximat.es\/tubos-y-racores-para-la-maquinaria-de-embalaje\/\"},\"wordCount\":557,\"commentCount\":0,\"publisher\":{\"@id\":\"https:\/\/www.fleximat.es\/bn\/#organization\"},\"keywords\":[\"tubos y racores\"],\"articleSection\":[\"Proyectos\"],\"inLanguage\":\"tr\",\"potentialAction\":[{\"@type\":\"CommentAction\",\"name\":\"Comment\",\"target\":[\"https:\/\/www.fleximat.es\/tubos-y-racores-para-la-maquinaria-de-embalaje\/#respond\"]}]},{\"@type\":\"WebPage\",\"@id\":\"https:\/\/www.fleximat.es\/tubos-y-racores-para-la-maquinaria-de-embalaje\/\",\"url\":\"https:\/\/www.fleximat.es\/tubos-y-racores-para-la-maquinaria-de-embalaje\/\",\"name\":\"Tubos y racores para la maquinaria de embalaje - Fleximat\",\"isPartOf\":{\"@id\":\"https:\/\/www.fleximat.es\/bn\/#website\"},\"datePublished\":\"2022-05-16T07:57:13+00:00\",\"dateModified\":\"2022-05-16T07:57:13+00:00\",\"breadcrumb\":{\"@id\":\"https:\/\/www.fleximat.es\/tubos-y-racores-para-la-maquinaria-de-embalaje\/#breadcrumb\"},\"inLanguage\":\"tr\",\"potentialAction\":[{\"@type\":\"ReadAction\",\"target\":[\"https:\/\/www.fleximat.es\/tubos-y-racores-para-la-maquinaria-de-embalaje\/\"]}]},{\"@type\":\"BreadcrumbList\",\"@id\":\"https:\/\/www.fleximat.es\/tubos-y-racores-para-la-maquinaria-de-embalaje\/#breadcrumb\",\"itemListElement\":[{\"@type\":\"ListItem\",\"position\":1,\"name\":\"Portada\",\"item\":\"https:\/\/www.fleximat.es\/\"},{\"@type\":\"ListItem\",\"position\":2,\"name\":\"Tubos y racores para la maquinaria de embalaje\"}]},{\"@type\":\"WebSite\",\"@id\":\"https:\/\/www.fleximat.es\/bn\/#website\",\"url\":\"https:\/\/www.fleximat.es\/bn\/\",\"name\":\"Fleximat\",\"description\":\"Tu soluci\u00f3n en prensaestopas y tubos flexibles\",\"publisher\":{\"@id\":\"https:\/\/www.fleximat.es\/bn\/#organization\"},\"potentialAction\":[{\"@type\":\"SearchAction\",\"target\":{\"@type\":\"EntryPoint\",\"urlTemplate\":\"https:\/\/www.fleximat.es\/bn\/?s={search_term_string}\"},\"query-input\":\"required name=search_term_string\"}],\"inLanguage\":\"tr\"},{\"@type\":\"Organization\",\"@id\":\"https:\/\/www.fleximat.es\/bn\/#organization\",\"name\":\"Fleximat\",\"url\":\"https:\/\/www.fleximat.es\/bn\/\",\"logo\":{\"@type\":\"ImageObject\",\"inLanguage\":\"tr\",\"@id\":\"https:\/\/www.fleximat.es\/bn\/#\/schema\/logo\/image\/\",\"url\":\"https:\/\/www.fleximat.es\/wp-content\/uploads\/2023\/11\/fleximat-logo-1.png\",\"contentUrl\":\"https:\/\/www.fleximat.es\/wp-content\/uploads\/2023\/11\/fleximat-logo-1.png\",\"width\":1169,\"height\":289,\"caption\":\"Fleximat\"},\"image\":{\"@id\":\"https:\/\/www.fleximat.es\/bn\/#\/schema\/logo\/image\/\"}},{\"@type\":\"Person\",\"@id\":\"https:\/\/www.fleximat.es\/bn\/#\/schema\/person\/de8b4c68896d4a526be5f06f687775b7\",\"name\":\"eloi\",\"sameAs\":[\"https:\/\/www.fleximat.es\"],\"url\":\"https:\/\/www.fleximat.es\/tr\/author\/eloi\/\"}]}<\/script>\n<!-- \/ Yoast SEO plugin. -->","yoast_head_json":{"title":"Tubos y racores para la maquinaria de embalaje - Fleximat","robots":{"index":"index","follow":"follow","max-snippet":"max-snippet:-1","max-image-preview":"max-image-preview:large","max-video-preview":"max-video-preview:-1"},"canonical":"https:\/\/www.fleximat.es\/tr\/tubos-y-racores-para-la-maquinaria-de-embalaje\/","og_locale":"tr_TR","og_type":"article","og_title":"Tubos y racores para la maquinaria de embalaje - Fleximat","og_description":"La maquinaria de embalaje es de vital importancia para diferentes industrias, ya que brinda todos los beneficios del envasado a...","og_url":"https:\/\/www.fleximat.es\/tr\/tubos-y-racores-para-la-maquinaria-de-embalaje\/","og_site_name":"Fleximat","article_published_time":"2022-05-16T07:57:13+00:00","og_image":[{"width":1920,"height":1080,"url":"https:\/\/www.fleximat.es\/wp-content\/uploads\/2022\/05\/articulos-blog-2.jpg","type":"image\/jpeg"}],"author":"eloi","twitter_card":"summary_large_image","twitter_misc":{"Yazan:":"eloi","Tahmini okuma s\u00fcresi":"3 dakika"},"schema":{"@context":"https:\/\/schema.org","@graph":[{"@type":"Article","@id":"https:\/\/www.fleximat.es\/tubos-y-racores-para-la-maquinaria-de-embalaje\/#article","isPartOf":{"@id":"https:\/\/www.fleximat.es\/tubos-y-racores-para-la-maquinaria-de-embalaje\/"},"author":{"name":"eloi","@id":"https:\/\/www.fleximat.es\/bn\/#\/schema\/person\/de8b4c68896d4a526be5f06f687775b7"},"headline":"Tubos y racores para la maquinaria de embalaje","datePublished":"2022-05-16T07:57:13+00:00","dateModified":"2022-05-16T07:57:13+00:00","mainEntityOfPage":{"@id":"https:\/\/www.fleximat.es\/tubos-y-racores-para-la-maquinaria-de-embalaje\/"},"wordCount":557,"commentCount":0,"publisher":{"@id":"https:\/\/www.fleximat.es\/bn\/#organization"},"keywords":["tubos y racores"],"articleSection":["Proyectos"],"inLanguage":"tr","potentialAction":[{"@type":"CommentAction","name":"Comment","target":["https:\/\/www.fleximat.es\/tubos-y-racores-para-la-maquinaria-de-embalaje\/#respond"]}]},{"@type":"WebPage","@id":"https:\/\/www.fleximat.es\/tubos-y-racores-para-la-maquinaria-de-embalaje\/","url":"https:\/\/www.fleximat.es\/tubos-y-racores-para-la-maquinaria-de-embalaje\/","name":"Tubos y racores para la maquinaria de embalaje - Fleximat","isPartOf":{"@id":"https:\/\/www.fleximat.es\/bn\/#website"},"datePublished":"2022-05-16T07:57:13+00:00","dateModified":"2022-05-16T07:57:13+00:00","breadcrumb":{"@id":"https:\/\/www.fleximat.es\/tubos-y-racores-para-la-maquinaria-de-embalaje\/#breadcrumb"},"inLanguage":"tr","potentialAction":[{"@type":"ReadAction","target":["https:\/\/www.fleximat.es\/tubos-y-racores-para-la-maquinaria-de-embalaje\/"]}]},{"@type":"BreadcrumbList","@id":"https:\/\/www.fleximat.es\/tubos-y-racores-para-la-maquinaria-de-embalaje\/#breadcrumb","itemListElement":[{"@type":"ListItem","position":1,"name":"Portada","item":"https:\/\/www.fleximat.es\/"},{"@type":"ListItem","position":2,"name":"Tubos y racores para la maquinaria de embalaje"}]},{"@type":"WebSite","@id":"https:\/\/www.fleximat.es\/bn\/#website","url":"https:\/\/www.fleximat.es\/bn\/","name":"Fleximat","description":"Tu soluci\u00f3n en prensaestopas y tubos flexibles","publisher":{"@id":"https:\/\/www.fleximat.es\/bn\/#organization"},"potentialAction":[{"@type":"SearchAction","target":{"@type":"EntryPoint","urlTemplate":"https:\/\/www.fleximat.es\/bn\/?s={search_term_string}"},"query-input":"required name=search_term_string"}],"inLanguage":"tr"},{"@type":"Organization","@id":"https:\/\/www.fleximat.es\/bn\/#organization","name":"Fleximat","url":"https:\/\/www.fleximat.es\/bn\/","logo":{"@type":"ImageObject","inLanguage":"tr","@id":"https:\/\/www.fleximat.es\/bn\/#\/schema\/logo\/image\/","url":"https:\/\/www.fleximat.es\/wp-content\/uploads\/2023\/11\/fleximat-logo-1.png","contentUrl":"https:\/\/www.fleximat.es\/wp-content\/uploads\/2023\/11\/fleximat-logo-1.png","width":1169,"height":289,"caption":"Fleximat"},"image":{"@id":"https:\/\/www.fleximat.es\/bn\/#\/schema\/logo\/image\/"}},{"@type":"Person","@id":"https:\/\/www.fleximat.es\/bn\/#\/schema\/person\/de8b4c68896d4a526be5f06f687775b7","name":"eloi","sameAs":["https:\/\/www.fleximat.es"],"url":"https:\/\/www.fleximat.es\/tr\/author\/eloi\/"}]}},"taxonomy_info":{"category":[{"value":110,"label":"Proyectos"}],"post_tag":[{"value":111,"label":"tubos y racores"}]},"featured_image_src_large":["https:\/\/www.fleximat.es\/wp-content\/uploads\/2022\/05\/articulos-blog-2-1024x576.jpg",1024,576,true],"author_info":{"display_name":"eloi","author_link":"https:\/\/www.fleximat.es\/tr\/author\/eloi\/"},"comment_info":1,"category_info":[{"term_id":110,"name":"Proyectos","slug":"proyectos","term_group":0,"term_taxonomy_id":110,"taxonomy":"category","description":"","parent":0,"count":1,"filter":"raw","term_order":"0","cat_ID":110,"category_count":1,"category_description":"","cat_name":"Proyectos","category_nicename":"proyectos","category_parent":0}],"tag_info":[{"term_id":111,"name":"tubos y racores","slug":"tubos-y-racores","term_group":0,"term_taxonomy_id":111,"taxonomy":"post_tag","description":"","parent":0,"count":1,"filter":"raw","term_order":"0"}],"_links":{"self":[{"href":"https:\/\/www.fleximat.es\/tr\/wp-json\/wp\/v2\/posts\/1376"}],"collection":[{"href":"https:\/\/www.fleximat.es\/tr\/wp-json\/wp\/v2\/posts"}],"about":[{"href":"https:\/\/www.fleximat.es\/tr\/wp-json\/wp\/v2\/types\/post"}],"author":[{"embeddable":true,"href":"https:\/\/www.fleximat.es\/tr\/wp-json\/wp\/v2\/users\/1"}],"replies":[{"embeddable":true,"href":"https:\/\/www.fleximat.es\/tr\/wp-json\/wp\/v2\/comments?post=1376"}],"version-history":[{"count":0,"href":"https:\/\/www.fleximat.es\/tr\/wp-json\/wp\/v2\/posts\/1376\/revisions"}],"wp:featuredmedia":[{"embeddable":true,"href":"https:\/\/www.fleximat.es\/tr\/wp-json\/wp\/v2\/media\/2440"}],"wp:attachment":[{"href":"https:\/\/www.fleximat.es\/tr\/wp-json\/wp\/v2\/media?parent=1376"}],"wp:term":[{"taxonomy":"category","embeddable":true,"href":"https:\/\/www.fleximat.es\/tr\/wp-json\/wp\/v2\/categories?post=1376"},{"taxonomy":"post_tag","embeddable":true,"href":"https:\/\/www.fleximat.es\/tr\/wp-json\/wp\/v2\/tags?post=1376"}],"curies":[{"name":"wp","href":"https:\/\/api.w.org\/{rel}","templated":true}]}}