{"id":2416,"date":"2021-08-12T20:37:00","date_gmt":"2021-08-12T20:37:00","guid":{"rendered":"https:\/\/www.fleximat.es\/blog\/?p=109"},"modified":"2023-11-08T10:35:45","modified_gmt":"2023-11-08T09:35:45","slug":"cables-armados-y-prensaestopas-un-sistema-eficaz-y-segura-para-su-proyecto","status":"publish","type":"post","link":"https:\/\/www.fleximat.es\/tr\/cables-armados-y-prensaestopas-un-sistema-eficaz-y-segura-para-su-proyecto\/","title":{"rendered":"Z\u0131rhl\u0131 kablolar ve kablo rakorlar\u0131: projeniz i\u00e7in etkili ve g\u00fcvenli bir sistem"},"content":{"rendered":"<p>Z\u0131rhl\u0131 kablolar, ceketleri aras\u0131nda koruyucu katman bulunan s\u0131radan kablolard\u0131r. Daha y\u00fcksek strese dayanabilirler ve do\u011frudan yeralt\u0131na g\u00f6m\u00fcl\u00fcrler. Kendine \u00f6zg\u00fc \u00f6zellikleri, <a href=\"https:\/\/www.fleximat.es\/tr\/index.html\/\">z\u0131rhl\u0131 kablolar ve kablo rakorlar\u0131<\/a> \u00f6zel ihtiya\u00e7lara g\u00f6re se\u00e7ilmelidir.<\/p>\n<p>Bu g\u00f6z \u00f6n\u00fcne al\u0131nd\u0131\u011f\u0131nda, projelerde g\u00fcvenlik ve verimlilik sa\u011flayan s\u0131k\u0131\u015ft\u0131rmal\u0131 s\u0131zd\u0131rmazl\u0131\u011fa olanak tan\u0131yan z\u0131rhl\u0131 kablolar i\u00e7in metal kablo rakorlar\u0131 se\u00e7ilmelidir.<\/p>\n<p>Los <strong>z\u0131rhl\u0131 kablolar ve kablo rakorlar\u0131<\/strong> Genellikle z\u0131rhl\u0131 kablolarla ba\u011flant\u0131lara, d\u0131\u015f ve i\u00e7 ba\u011flant\u0131lara, do\u011frudan sonland\u0131rmal\u0131 ba\u011flant\u0131lara, B\u00f6lge 1 ve B\u00f6lge 2 ba\u011flant\u0131lar\u0131na (tehlikeli alanlarda) ve ayr\u0131ca y\u00fcksek y\u00fck\u00fc destekleyen ba\u011flant\u0131lara ayr\u0131lm\u0131\u015f \u00f6zel kablo rakorlar\u0131n\u0131 kullanarak etkili bir sistem olu\u015fturun a\u011f\u0131rl\u0131k ve \u00f6zellikle y\u00fcksek voltaj.<\/p>\n<p><img loading=\"lazy\" decoding=\"async\" class=\"alignnone size-full wp-image-110\" src=\"https:\/\/www.fleximat.es\/wp-content\/uploads\/2021\/08\/electric-4198293_1920-1.jpg\" alt=\"\" width=\"1920\" height=\"1280\" \/><\/p>\n<h2>Z\u0131rhl\u0131 kablolar ve kablo rakorlar\u0131, bilmeniz gerekenler<\/h2>\n<p>Los <strong>z\u0131rhl\u0131 kablolar ve kablo rakorlar\u0131<\/strong> Do\u011fru \u00e7al\u0131\u015fmalar\u0131 i\u00e7in belirli \u00f6zelliklere sahiptirler. Tasar\u0131m\u0131 sa\u011flamd\u0131r, bu da kablolar\u0131n eleman\u0131n\u0131za sabitlenmesine yard\u0131mc\u0131 olur.<\/p>\n<p>Ayr\u0131ca bir di\u011fer \u00f6nemli \u00f6zelli\u011fi de eleman i\u00e7 k\u0131sm\u0131na s\u0131v\u0131, toz gibi d\u0131\u015f etkenlerin girmesini \u00f6nlemesidir. Buna ek olarak, basit bir kau\u00e7uk contadan farkl\u0131 olarak topraklama ba\u011flant\u0131s\u0131 g\u00f6revi g\u00f6r\u00fcrler, salmastra kutusu ile verimli bir s\u0131k\u0131\u015ft\u0131rmal\u0131 s\u0131zd\u0131rmazl\u0131k sistemi kurulur.<\/p>\n<p>\u00d6te yandan se\u00e7ilen modellere ba\u011fl\u0131 olarak IP-66\/67\/68 su ge\u00e7irmez conta olu\u015fturulabilir ve farkl\u0131 kablolara (SWA, STA) ba\u011flant\u0131 yap\u0131labilir.<\/p>\n<p>Avantajlar\u0131 <strong>z\u0131rhl\u0131 kablolar ve kablo rakorlar\u0131<\/strong> \u00e7ekme \u00f6nleyici ve titre\u015fim \u00f6nleyici unsurlar olmas\u0131n\u0131n yan\u0131 s\u0131ra projede m\u00fckemmel bir kalite-fiyat oran\u0131 sunmalar\u0131d\u0131r.<\/p>\n<p>\u0130le <strong>z\u0131rhl\u0131 kablolar ve kablo rakorlar\u0131<\/strong> RoHS y\u00f6netmeliklerine uyulurken h\u0131zl\u0131 ve kolay montaj yap\u0131labilir. Ayr\u0131ca i\u015f i\u00e7in geni\u015f bir s\u0131cakl\u0131k aral\u0131\u011f\u0131na g\u00fcvenebilirsiniz.<\/p>\n<p>Fleximat&#039;ta her t\u00fcrl\u00fc di\u015fimiz mevcuttur: Metrik, PG, GAS ve NPT, \u00e7e\u015fitli kablolar i\u00e7in contal\u0131, Uzun ve Ekstra Uzun Di\u015fli, Burulma \u00d6nleyici versiyonda. Z\u0131rhl\u0131 kablolara y\u00f6nelik kablo rakorlar\u0131 yelpazesi i\u00e7in plastik kapaklar veya topraklama ba\u011flant\u0131 soketi gibi farkl\u0131 aksesuarlar\u0131n yan\u0131 s\u0131ra paslanmaz \u00e7elik ve al\u00fcminyum se\u00e7enekleri de sunuyoruz.<\/p>\n<p>Fleximat&#039;ta z\u0131rhl\u0131 kablolar i\u00e7in sundu\u011fumuz t\u00fcm kablo rakorlar\u0131, en y\u00fcksek uluslararas\u0131 kalite standartlar\u0131n\u0131n gereksinimlerini kar\u015f\u0131lamaktad\u0131r. \u00dcr\u00fcnlerimiz EN 60079-0:2012, 60079-7:2007, 60079-31:2009, 60079-1:2007, BS6121, CE (Avrupa Uygunlu\u011fu), RoHS (Tehlikeli Maddelerin K\u0131s\u0131tlanmas\u0131) ve GOST standartlar\u0131na g\u00f6re sertifikaland\u0131r\u0131lm\u0131\u015ft\u0131r. - R (Gosudarstvenny Standart Rusya).<\/p>\n<p>Projelerinizde m\u00fcttefikiniz olarak Fleximat&#039;a g\u00fcvenin. 1998 y\u0131l\u0131ndan bu yana, farkl\u0131 sekt\u00f6rlerin \u00f6nde gelen firmalar\u0131n\u0131n be\u011fenisini kazanan \u00fcr\u00fcnlerle, elektrik kablolar\u0131n\u0131n korunmas\u0131 ve ba\u011flanmas\u0131na y\u00f6nelik y\u00fcksek kaliteli \u00fcr\u00fcn ve sistemler geli\u015ftirip \u00fcretirken, pazar\u0131n ihtiya\u00e7lar\u0131na uyum sa\u011flayan daha kullan\u0131\u015fl\u0131 \u00e7\u00f6z\u00fcmler yaratmaya devam ediyoruz.<\/p>","protected":false},"excerpt":{"rendered":"<p>Z\u0131rhl\u0131 kablolar, ceketleri aras\u0131nda koruyucu bir katman bulunan s\u0131radan kablolard\u0131r. Daha y\u00fcksek gerilime dayanabilirler ve\u2026<\/p>","protected":false},"author":1,"featured_media":2474,"comment_status":"open","ping_status":"open","sticky":false,"template":"","format":"standard","meta":{"_kad_blocks_custom_css":"","_kad_blocks_head_custom_js":"","_kad_blocks_body_custom_js":"","_kad_blocks_footer_custom_js":"","_kadence_starter_templates_imported_post":false,"_kad_post_transparent":"","_kad_post_title":"","_kad_post_layout":"","_kad_post_sidebar_id":"","_kad_post_content_style":"","_kad_post_vertical_padding":"","_kad_post_feature":"","_kad_post_feature_position":"","_kad_post_header":false,"_kad_post_footer":false,"footnotes":""},"categories":[102],"tags":[117],"class_list":["post-2416","post","type-post","status-publish","format-standard","has-post-thumbnail","hentry","category-proteccion-de-cableados","tag-cables-armados-y-prensaestopas"],"yoast_head":"<!-- This site is optimized with the Yoast SEO plugin v21.7 - https:\/\/yoast.com\/wordpress\/plugins\/seo\/ -->\n<title>Cables armados y prensaestopas: un sistema eficaz y seguro para su proyecto - Fleximat<\/title>\n<meta name=\"robots\" content=\"index, follow, max-snippet:-1, max-image-preview:large, max-video-preview:-1\" \/>\n<link rel=\"canonical\" href=\"https:\/\/www.fleximat.es\/tr\/cables-armados-y-prensaestopas-un-sistema-eficaz-y-segura-para-su-proyecto\/\" \/>\n<meta property=\"og:locale\" content=\"tr_TR\" \/>\n<meta property=\"og:type\" content=\"article\" \/>\n<meta property=\"og:title\" content=\"Cables armados y prensaestopas: un sistema eficaz y seguro para su proyecto - Fleximat\" \/>\n<meta property=\"og:description\" content=\"Los cables armados son cables comunes con una capa protectora entre las chaquetas. Pueden soportar una tensi\u00f3n m\u00e1s alta y...\" \/>\n<meta property=\"og:url\" content=\"https:\/\/www.fleximat.es\/tr\/cables-armados-y-prensaestopas-un-sistema-eficaz-y-segura-para-su-proyecto\/\" \/>\n<meta property=\"og:site_name\" content=\"Fleximat\" \/>\n<meta property=\"article:published_time\" content=\"2021-08-12T20:37:00+00:00\" \/>\n<meta property=\"article:modified_time\" content=\"2023-11-08T09:35:45+00:00\" \/>\n<meta property=\"og:image\" content=\"https:\/\/www.fleximat.es\/wp-content\/uploads\/2021\/08\/th_crop_1571915494prensaestopas-atex-armado-1.jpg\" \/>\n\t<meta property=\"og:image:width\" content=\"1080\" \/>\n\t<meta property=\"og:image:height\" content=\"720\" \/>\n\t<meta property=\"og:image:type\" content=\"image\/jpeg\" \/>\n<meta name=\"author\" content=\"eloi\" \/>\n<meta name=\"twitter:card\" content=\"summary_large_image\" \/>\n<meta name=\"twitter:label1\" content=\"Yazan:\" \/>\n\t<meta name=\"twitter:data1\" content=\"eloi\" \/>\n\t<meta name=\"twitter:label2\" content=\"Tahmini okuma s\u00fcresi\" \/>\n\t<meta name=\"twitter:data2\" content=\"3 dakika\" \/>\n<script type=\"application\/ld+json\" class=\"yoast-schema-graph\">{\"@context\":\"https:\/\/schema.org\",\"@graph\":[{\"@type\":\"Article\",\"@id\":\"https:\/\/www.fleximat.es\/bn\/cables-armados-y-prensaestopas-un-sistema-eficaz-y-segura-para-su-proyecto\/#article\",\"isPartOf\":{\"@id\":\"https:\/\/www.fleximat.es\/bn\/cables-armados-y-prensaestopas-un-sistema-eficaz-y-segura-para-su-proyecto\/\"},\"author\":{\"name\":\"eloi\",\"@id\":\"https:\/\/www.fleximat.es\/bn\/#\/schema\/person\/de8b4c68896d4a526be5f06f687775b7\"},\"headline\":\"Cables armados y prensaestopas: un sistema eficaz y seguro para su proyecto\",\"datePublished\":\"2021-08-12T20:37:00+00:00\",\"dateModified\":\"2023-11-08T09:35:45+00:00\",\"mainEntityOfPage\":{\"@id\":\"https:\/\/www.fleximat.es\/bn\/cables-armados-y-prensaestopas-un-sistema-eficaz-y-segura-para-su-proyecto\/\"},\"wordCount\":512,\"commentCount\":0,\"publisher\":{\"@id\":\"https:\/\/www.fleximat.es\/bn\/#organization\"},\"keywords\":[\"cables armados y prensaestopas\"],\"articleSection\":[\"Protecci\u00f3n de cableados\"],\"inLanguage\":\"tr\",\"potentialAction\":[{\"@type\":\"CommentAction\",\"name\":\"Comment\",\"target\":[\"https:\/\/www.fleximat.es\/bn\/cables-armados-y-prensaestopas-un-sistema-eficaz-y-segura-para-su-proyecto\/#respond\"]}]},{\"@type\":\"WebPage\",\"@id\":\"https:\/\/www.fleximat.es\/bn\/cables-armados-y-prensaestopas-un-sistema-eficaz-y-segura-para-su-proyecto\/\",\"url\":\"https:\/\/www.fleximat.es\/bn\/cables-armados-y-prensaestopas-un-sistema-eficaz-y-segura-para-su-proyecto\/\",\"name\":\"Cables armados y prensaestopas: un sistema eficaz y seguro para su proyecto - Fleximat\",\"isPartOf\":{\"@id\":\"https:\/\/www.fleximat.es\/bn\/#website\"},\"datePublished\":\"2021-08-12T20:37:00+00:00\",\"dateModified\":\"2023-11-08T09:35:45+00:00\",\"breadcrumb\":{\"@id\":\"https:\/\/www.fleximat.es\/bn\/cables-armados-y-prensaestopas-un-sistema-eficaz-y-segura-para-su-proyecto\/#breadcrumb\"},\"inLanguage\":\"tr\",\"potentialAction\":[{\"@type\":\"ReadAction\",\"target\":[\"https:\/\/www.fleximat.es\/bn\/cables-armados-y-prensaestopas-un-sistema-eficaz-y-segura-para-su-proyecto\/\"]}]},{\"@type\":\"BreadcrumbList\",\"@id\":\"https:\/\/www.fleximat.es\/bn\/cables-armados-y-prensaestopas-un-sistema-eficaz-y-segura-para-su-proyecto\/#breadcrumb\",\"itemListElement\":[{\"@type\":\"ListItem\",\"position\":1,\"name\":\"Portada\",\"item\":\"https:\/\/www.fleximat.es\/\"},{\"@type\":\"ListItem\",\"position\":2,\"name\":\"Cables armados y prensaestopas: un sistema eficaz y seguro para su proyecto\"}]},{\"@type\":\"WebSite\",\"@id\":\"https:\/\/www.fleximat.es\/bn\/#website\",\"url\":\"https:\/\/www.fleximat.es\/bn\/\",\"name\":\"Fleximat\",\"description\":\"Tu soluci\u00f3n en prensaestopas y tubos flexibles\",\"publisher\":{\"@id\":\"https:\/\/www.fleximat.es\/bn\/#organization\"},\"potentialAction\":[{\"@type\":\"SearchAction\",\"target\":{\"@type\":\"EntryPoint\",\"urlTemplate\":\"https:\/\/www.fleximat.es\/bn\/?s={search_term_string}\"},\"query-input\":\"required name=search_term_string\"}],\"inLanguage\":\"tr\"},{\"@type\":\"Organization\",\"@id\":\"https:\/\/www.fleximat.es\/bn\/#organization\",\"name\":\"Fleximat\",\"url\":\"https:\/\/www.fleximat.es\/bn\/\",\"logo\":{\"@type\":\"ImageObject\",\"inLanguage\":\"tr\",\"@id\":\"https:\/\/www.fleximat.es\/bn\/#\/schema\/logo\/image\/\",\"url\":\"https:\/\/www.fleximat.es\/wp-content\/uploads\/2023\/11\/fleximat-logo-1.png\",\"contentUrl\":\"https:\/\/www.fleximat.es\/wp-content\/uploads\/2023\/11\/fleximat-logo-1.png\",\"width\":1169,\"height\":289,\"caption\":\"Fleximat\"},\"image\":{\"@id\":\"https:\/\/www.fleximat.es\/bn\/#\/schema\/logo\/image\/\"}},{\"@type\":\"Person\",\"@id\":\"https:\/\/www.fleximat.es\/bn\/#\/schema\/person\/de8b4c68896d4a526be5f06f687775b7\",\"name\":\"eloi\",\"sameAs\":[\"https:\/\/www.fleximat.es\"],\"url\":\"https:\/\/www.fleximat.es\/tr\/author\/eloi\/\"}]}<\/script>\n<!-- \/ Yoast SEO plugin. -->","yoast_head_json":{"title":"Cables armados y prensaestopas: un sistema eficaz y seguro para su proyecto - Fleximat","robots":{"index":"index","follow":"follow","max-snippet":"max-snippet:-1","max-image-preview":"max-image-preview:large","max-video-preview":"max-video-preview:-1"},"canonical":"https:\/\/www.fleximat.es\/tr\/cables-armados-y-prensaestopas-un-sistema-eficaz-y-segura-para-su-proyecto\/","og_locale":"tr_TR","og_type":"article","og_title":"Cables armados y prensaestopas: un sistema eficaz y seguro para su proyecto - Fleximat","og_description":"Los cables armados son cables comunes con una capa protectora entre las chaquetas. Pueden soportar una tensi\u00f3n m\u00e1s alta y...","og_url":"https:\/\/www.fleximat.es\/tr\/cables-armados-y-prensaestopas-un-sistema-eficaz-y-segura-para-su-proyecto\/","og_site_name":"Fleximat","article_published_time":"2021-08-12T20:37:00+00:00","article_modified_time":"2023-11-08T09:35:45+00:00","og_image":[{"width":1080,"height":720,"url":"https:\/\/www.fleximat.es\/wp-content\/uploads\/2021\/08\/th_crop_1571915494prensaestopas-atex-armado-1.jpg","type":"image\/jpeg"}],"author":"eloi","twitter_card":"summary_large_image","twitter_misc":{"Yazan:":"eloi","Tahmini okuma s\u00fcresi":"3 dakika"},"schema":{"@context":"https:\/\/schema.org","@graph":[{"@type":"Article","@id":"https:\/\/www.fleximat.es\/bn\/cables-armados-y-prensaestopas-un-sistema-eficaz-y-segura-para-su-proyecto\/#article","isPartOf":{"@id":"https:\/\/www.fleximat.es\/bn\/cables-armados-y-prensaestopas-un-sistema-eficaz-y-segura-para-su-proyecto\/"},"author":{"name":"eloi","@id":"https:\/\/www.fleximat.es\/bn\/#\/schema\/person\/de8b4c68896d4a526be5f06f687775b7"},"headline":"Cables armados y prensaestopas: un sistema eficaz y seguro para su proyecto","datePublished":"2021-08-12T20:37:00+00:00","dateModified":"2023-11-08T09:35:45+00:00","mainEntityOfPage":{"@id":"https:\/\/www.fleximat.es\/bn\/cables-armados-y-prensaestopas-un-sistema-eficaz-y-segura-para-su-proyecto\/"},"wordCount":512,"commentCount":0,"publisher":{"@id":"https:\/\/www.fleximat.es\/bn\/#organization"},"keywords":["cables armados y prensaestopas"],"articleSection":["Protecci\u00f3n de cableados"],"inLanguage":"tr","potentialAction":[{"@type":"CommentAction","name":"Comment","target":["https:\/\/www.fleximat.es\/bn\/cables-armados-y-prensaestopas-un-sistema-eficaz-y-segura-para-su-proyecto\/#respond"]}]},{"@type":"WebPage","@id":"https:\/\/www.fleximat.es\/bn\/cables-armados-y-prensaestopas-un-sistema-eficaz-y-segura-para-su-proyecto\/","url":"https:\/\/www.fleximat.es\/bn\/cables-armados-y-prensaestopas-un-sistema-eficaz-y-segura-para-su-proyecto\/","name":"Cables armados y prensaestopas: un sistema eficaz y seguro para su proyecto - Fleximat","isPartOf":{"@id":"https:\/\/www.fleximat.es\/bn\/#website"},"datePublished":"2021-08-12T20:37:00+00:00","dateModified":"2023-11-08T09:35:45+00:00","breadcrumb":{"@id":"https:\/\/www.fleximat.es\/bn\/cables-armados-y-prensaestopas-un-sistema-eficaz-y-segura-para-su-proyecto\/#breadcrumb"},"inLanguage":"tr","potentialAction":[{"@type":"ReadAction","target":["https:\/\/www.fleximat.es\/bn\/cables-armados-y-prensaestopas-un-sistema-eficaz-y-segura-para-su-proyecto\/"]}]},{"@type":"BreadcrumbList","@id":"https:\/\/www.fleximat.es\/bn\/cables-armados-y-prensaestopas-un-sistema-eficaz-y-segura-para-su-proyecto\/#breadcrumb","itemListElement":[{"@type":"ListItem","position":1,"name":"Portada","item":"https:\/\/www.fleximat.es\/"},{"@type":"ListItem","position":2,"name":"Cables armados y prensaestopas: un sistema eficaz y seguro para su proyecto"}]},{"@type":"WebSite","@id":"https:\/\/www.fleximat.es\/bn\/#website","url":"https:\/\/www.fleximat.es\/bn\/","name":"Fleximat","description":"Tu soluci\u00f3n en prensaestopas y tubos flexibles","publisher":{"@id":"https:\/\/www.fleximat.es\/bn\/#organization"},"potentialAction":[{"@type":"SearchAction","target":{"@type":"EntryPoint","urlTemplate":"https:\/\/www.fleximat.es\/bn\/?s={search_term_string}"},"query-input":"required name=search_term_string"}],"inLanguage":"tr"},{"@type":"Organization","@id":"https:\/\/www.fleximat.es\/bn\/#organization","name":"Fleximat","url":"https:\/\/www.fleximat.es\/bn\/","logo":{"@type":"ImageObject","inLanguage":"tr","@id":"https:\/\/www.fleximat.es\/bn\/#\/schema\/logo\/image\/","url":"https:\/\/www.fleximat.es\/wp-content\/uploads\/2023\/11\/fleximat-logo-1.png","contentUrl":"https:\/\/www.fleximat.es\/wp-content\/uploads\/2023\/11\/fleximat-logo-1.png","width":1169,"height":289,"caption":"Fleximat"},"image":{"@id":"https:\/\/www.fleximat.es\/bn\/#\/schema\/logo\/image\/"}},{"@type":"Person","@id":"https:\/\/www.fleximat.es\/bn\/#\/schema\/person\/de8b4c68896d4a526be5f06f687775b7","name":"eloi","sameAs":["https:\/\/www.fleximat.es"],"url":"https:\/\/www.fleximat.es\/tr\/author\/eloi\/"}]}},"taxonomy_info":{"category":[{"value":102,"label":"Protecci\u00f3n de cableados"}],"post_tag":[{"value":117,"label":"cables armados y prensaestopas"}]},"featured_image_src_large":["https:\/\/www.fleximat.es\/wp-content\/uploads\/2021\/08\/th_crop_1571915494prensaestopas-atex-armado-1-1024x683.jpg",1024,683,true],"author_info":{"display_name":"eloi","author_link":"https:\/\/www.fleximat.es\/tr\/author\/eloi\/"},"comment_info":0,"category_info":[{"term_id":102,"name":"Protecci\u00f3n de cableados","slug":"proteccion-de-cableados","term_group":0,"term_taxonomy_id":102,"taxonomy":"category","description":"","parent":0,"count":14,"filter":"raw","term_order":"0","cat_ID":102,"category_count":14,"category_description":"","cat_name":"Protecci\u00f3n de cableados","category_nicename":"proteccion-de-cableados","category_parent":0}],"tag_info":[{"term_id":117,"name":"cables armados y prensaestopas","slug":"cables-armados-y-prensaestopas","term_group":0,"term_taxonomy_id":117,"taxonomy":"post_tag","description":"","parent":0,"count":1,"filter":"raw","term_order":"0"}],"_links":{"self":[{"href":"https:\/\/www.fleximat.es\/tr\/wp-json\/wp\/v2\/posts\/2416"}],"collection":[{"href":"https:\/\/www.fleximat.es\/tr\/wp-json\/wp\/v2\/posts"}],"about":[{"href":"https:\/\/www.fleximat.es\/tr\/wp-json\/wp\/v2\/types\/post"}],"author":[{"embeddable":true,"href":"https:\/\/www.fleximat.es\/tr\/wp-json\/wp\/v2\/users\/1"}],"replies":[{"embeddable":true,"href":"https:\/\/www.fleximat.es\/tr\/wp-json\/wp\/v2\/comments?post=2416"}],"version-history":[{"count":0,"href":"https:\/\/www.fleximat.es\/tr\/wp-json\/wp\/v2\/posts\/2416\/revisions"}],"wp:featuredmedia":[{"embeddable":true,"href":"https:\/\/www.fleximat.es\/tr\/wp-json\/wp\/v2\/media\/2474"}],"wp:attachment":[{"href":"https:\/\/www.fleximat.es\/tr\/wp-json\/wp\/v2\/media?parent=2416"}],"wp:term":[{"taxonomy":"category","embeddable":true,"href":"https:\/\/www.fleximat.es\/tr\/wp-json\/wp\/v2\/categories?post=2416"},{"taxonomy":"post_tag","embeddable":true,"href":"https:\/\/www.fleximat.es\/tr\/wp-json\/wp\/v2\/tags?post=2416"}],"curies":[{"name":"wp","href":"https:\/\/api.w.org\/{rel}","templated":true}]}}