{"id":53,"date":"2021-06-03T09:15:15","date_gmt":"2021-06-03T09:15:15","guid":{"rendered":"http:\/\/fleximart.desarrollowebsonline.es\/?p=53"},"modified":"2023-11-08T11:25:13","modified_gmt":"2023-11-08T10:25:13","slug":"prensaestopas-multicable","status":"publish","type":"post","link":"https:\/\/www.fleximat.es\/tr\/prensaestopas-multicable\/","title":{"rendered":"\u00c7oklu kablo rakoru"},"content":{"rendered":"<p>Elektrikli ekipman\u0131n\u0131z veya makineniz var ve birden fazla kablo ba\u011flaman\u0131z m\u0131 gerekiyor?&nbsp;<a href=\"https:\/\/www.fleximat.es\/tr\/prensaestopas-para-multiples-cables-poliamida-ip-65-t-84-es\/\"><b>\u00e7oklu kablo kablo rakoru<\/b><\/a>&nbsp;Basit ve kaliteli montajla \u00e7al\u0131\u015fan ekipmanlar\u0131n\u0131z\u0131n ba\u011flant\u0131s\u0131n\u0131 ve korunmas\u0131n\u0131 sa\u011flamak i\u00e7in m\u00fckemmel bir \u00e7\u00f6z\u00fcmd\u00fcr.<\/p>\n\n\n\n<p>Bize gereken delik say\u0131s\u0131n\u0131 ve \u00e7ap\u0131 s\u00f6yleyin, Fleximat&#039;ta a\u015fa\u011f\u0131daki ba\u011flant\u0131 i\u00e7in bir ba\u011flant\u0131 tasarlayal\u0131m:&nbsp;<b>\u00e7oklu kablo kablo rakoru<\/b>&nbsp;projenize uygun.<\/p>\n\n\n\n<h2 class=\"wp-block-heading\"><b>\u00c7oklu kablo rakorlar\u0131n\u0131n \u00f6zellikleri<\/b><\/h2>\n\n\n\n<p>Kablo rakorlar\u0131, yal\u0131t\u0131m gerektiren b\u00f6lmeler aras\u0131ndaki kablolar\u0131 s\u0131k\u0131\u015ft\u0131r\u0131r ve tutar, ancak birden fazla delikli ba\u011flant\u0131lara sahip versiyonlar\u0131nda kablo rakorlar\u0131 IP65 derecesi sunar. Daha k\u00fc\u00e7\u00fck ve orta boyutlu kablo rakoru \u00f6l\u00e7\u00fcmleri i\u00e7in en yayg\u0131n kablo say\u0131s\u0131 2 ile 6 kablo aras\u0131nda de\u011fi\u015fir.<\/p>\n\n\n\n<p>Kablolar\u0131n kablo rakorlar\u0131yla korunmas\u0131, ekipman\u0131n do\u011fru \u00e7al\u0131\u015fmas\u0131n\u0131 kolayla\u015ft\u0131r\u0131r ve bir dizi \u00f6zellik sa\u011flar:<\/p>\n\n\n\n<p>Titre\u015fim direnci:<\/p>\n\n\n\n<p>Kablolar, s\u00fcrekli \u00e7al\u0131\u015fma s\u0131ras\u0131nda ekipmanda \u00e7ok fazla strese maruz kal\u0131r ve titre\u015fim \u00fcretebilir. Bizim&nbsp;<b>\u00e7oklu kablo kablo rakoru<\/b>&nbsp;Titre\u015fimleri emerler ve kablolar\u0131n kullan\u0131m \u00f6mr\u00fcn\u00fc uzatarak gereksiz onar\u0131m veya bak\u0131mdan ka\u00e7\u0131n\u0131rlar.<\/p>\n\n\n\n<p>Y\u00fcksek s\u0131cakl\u0131k dayan\u0131m\u0131:<\/p>\n\n\n\n<p>A\u011f\u0131r makinelerde veya end\u00fcstriyel ortamlarda y\u00fcksek s\u0131cakl\u0131klar yayg\u0131nd\u0131r ve \u00e7o\u011fu kabloda uzun s\u00fcre dayanacak \u015fekilde \u00f6zel olarak tasarlanm\u0131\u015f kaplamalar bulunmaz; bu da ger\u00e7ek bir tehlikeyi temsil eder.<\/p>\n\n\n\n<p>Bizim&nbsp;<b>\u00e7oklu kablo kablo rakoru<\/b>&nbsp;Standart Polyamid 6 versiyonlar\u0131nda -20\u00b0&#039;den 120\u00b0&#039;ye kadar s\u00fcrekli olarak \u00e7al\u0131\u015fabilirler.Daha zorlu ekipmanlar i\u00e7in g\u00fc\u00e7lendirilmi\u015f poliamid, nikel kapl\u0131 pirin\u00e7 ve paslanmaz \u00e7elikten yap\u0131lm\u0131\u015f modellerimiz mevcuttur.<\/p>\n\n\n\n<h2 class=\"wp-block-heading\"><b>\u00c7oklu kablo rakoru tertibat\u0131<\/b><\/h2>\n\n\n\n<p>Art\u0131k ekipman\u0131n\u0131z\u0131 kablo rakorlar\u0131yla \u00e7e\u015fitli kablolardan korumaya karar verdi\u011finize g\u00f6re, onu kurman\u0131n zaman\u0131 geldi:<\/p>\n\n\n\n<ul class=\"wp-block-list\">\n<li>\u00d6ncelikle g\u00f6vdeyi ve ipli\u011fi kapaktan ay\u0131rman\u0131z gerekecek.<\/li>\n\n\n\n<li>Daha sonra g\u00f6vdeyi di\u015fi vida deli\u011fine ge\u00e7irin ve kablolar\u0131 rakorun i\u00e7inden ge\u00e7irin.<\/li>\n\n\n\n<li>Son olarak \u00e7oklu kablolar\u0131n\u0131z\u0131 kablo rakoru ba\u011flant\u0131s\u0131ndan ge\u00e7irin ve kapa\u011f\u0131 g\u00f6vdeye vidalay\u0131n.<\/li>\n<\/ul>","protected":false},"excerpt":{"rendered":"<p>Elektrikli ekipman\u0131n\u0131z veya makineniz var ve birden fazla kablo ba\u011flaman\u0131z m\u0131 gerekiyor? \u00c7oklu kablo rakorlar\u0131 ba\u011flant\u0131y\u0131 sa\u011flamak i\u00e7in m\u00fckemmel bir \u00e7\u00f6z\u00fcmd\u00fcr\u2026<\/p>","protected":false},"author":1,"featured_media":2509,"comment_status":"open","ping_status":"open","sticky":false,"template":"","format":"standard","meta":{"_kad_blocks_custom_css":"","_kad_blocks_head_custom_js":"","_kad_blocks_body_custom_js":"","_kad_blocks_footer_custom_js":"","_kadence_starter_templates_imported_post":false,"_kad_post_transparent":"","_kad_post_title":"","_kad_post_layout":"","_kad_post_sidebar_id":"","_kad_post_content_style":"","_kad_post_vertical_padding":"","_kad_post_feature":"","_kad_post_feature_position":"","_kad_post_header":false,"_kad_post_footer":false,"footnotes":""},"categories":[99],"tags":[],"class_list":["post-53","post","type-post","status-publish","format-standard","has-post-thumbnail","hentry","category-noticias"],"yoast_head":"<!-- This site is optimized with the Yoast SEO plugin v21.7 - https:\/\/yoast.com\/wordpress\/plugins\/seo\/ -->\n<title>Prensaestopas multicable - Fleximat<\/title>\n<meta name=\"robots\" content=\"index, follow, max-snippet:-1, max-image-preview:large, max-video-preview:-1\" \/>\n<link rel=\"canonical\" href=\"https:\/\/www.fleximat.es\/tr\/prensaestopas-multicable\/\" \/>\n<meta property=\"og:locale\" content=\"tr_TR\" \/>\n<meta property=\"og:type\" content=\"article\" \/>\n<meta property=\"og:title\" content=\"Prensaestopas multicable - Fleximat\" \/>\n<meta property=\"og:description\" content=\"\u00bfTiene un equipo el\u00e9ctrico o maquinaria y necesita conectar varios cables? Los&nbsp;prensaestopas multicable&nbsp;son una soluci\u00f3n perfecta para asegurar la conexi\u00f3n...\" \/>\n<meta property=\"og:url\" content=\"https:\/\/www.fleximat.es\/tr\/prensaestopas-multicable\/\" \/>\n<meta property=\"og:site_name\" content=\"Fleximat\" \/>\n<meta property=\"article:published_time\" content=\"2021-06-03T09:15:15+00:00\" \/>\n<meta property=\"article:modified_time\" content=\"2023-11-08T10:25:13+00:00\" \/>\n<meta property=\"og:image\" content=\"https:\/\/www.fleximat.es\/wp-content\/uploads\/2021\/06\/prensaestopa-multicable.jpg\" \/>\n\t<meta property=\"og:image:width\" content=\"1080\" \/>\n\t<meta property=\"og:image:height\" content=\"720\" \/>\n\t<meta property=\"og:image:type\" content=\"image\/jpeg\" \/>\n<meta name=\"author\" content=\"eloi\" \/>\n<meta name=\"twitter:card\" content=\"summary_large_image\" \/>\n<meta name=\"twitter:label1\" content=\"Yazan:\" \/>\n\t<meta name=\"twitter:data1\" content=\"eloi\" \/>\n\t<meta name=\"twitter:label2\" content=\"Tahmini okuma s\u00fcresi\" \/>\n\t<meta name=\"twitter:data2\" content=\"2 dakika\" \/>\n<script type=\"application\/ld+json\" class=\"yoast-schema-graph\">{\"@context\":\"https:\/\/schema.org\",\"@graph\":[{\"@type\":\"Article\",\"@id\":\"https:\/\/www.fleximat.es\/prensaestopas-multicable\/#article\",\"isPartOf\":{\"@id\":\"https:\/\/www.fleximat.es\/prensaestopas-multicable\/\"},\"author\":{\"name\":\"eloi\",\"@id\":\"https:\/\/www.fleximat.es\/bn\/#\/schema\/person\/de8b4c68896d4a526be5f06f687775b7\"},\"headline\":\"Prensaestopas multicable\",\"datePublished\":\"2021-06-03T09:15:15+00:00\",\"dateModified\":\"2023-11-08T10:25:13+00:00\",\"mainEntityOfPage\":{\"@id\":\"https:\/\/www.fleximat.es\/prensaestopas-multicable\/\"},\"wordCount\":343,\"commentCount\":0,\"publisher\":{\"@id\":\"https:\/\/www.fleximat.es\/bn\/#organization\"},\"articleSection\":[\"Noticias\"],\"inLanguage\":\"tr\",\"potentialAction\":[{\"@type\":\"CommentAction\",\"name\":\"Comment\",\"target\":[\"https:\/\/www.fleximat.es\/prensaestopas-multicable\/#respond\"]}]},{\"@type\":\"WebPage\",\"@id\":\"https:\/\/www.fleximat.es\/prensaestopas-multicable\/\",\"url\":\"https:\/\/www.fleximat.es\/prensaestopas-multicable\/\",\"name\":\"Prensaestopas multicable - Fleximat\",\"isPartOf\":{\"@id\":\"https:\/\/www.fleximat.es\/bn\/#website\"},\"datePublished\":\"2021-06-03T09:15:15+00:00\",\"dateModified\":\"2023-11-08T10:25:13+00:00\",\"breadcrumb\":{\"@id\":\"https:\/\/www.fleximat.es\/prensaestopas-multicable\/#breadcrumb\"},\"inLanguage\":\"tr\",\"potentialAction\":[{\"@type\":\"ReadAction\",\"target\":[\"https:\/\/www.fleximat.es\/prensaestopas-multicable\/\"]}]},{\"@type\":\"BreadcrumbList\",\"@id\":\"https:\/\/www.fleximat.es\/prensaestopas-multicable\/#breadcrumb\",\"itemListElement\":[{\"@type\":\"ListItem\",\"position\":1,\"name\":\"Portada\",\"item\":\"https:\/\/www.fleximat.es\/\"},{\"@type\":\"ListItem\",\"position\":2,\"name\":\"Prensaestopas multicable\"}]},{\"@type\":\"WebSite\",\"@id\":\"https:\/\/www.fleximat.es\/bn\/#website\",\"url\":\"https:\/\/www.fleximat.es\/bn\/\",\"name\":\"Fleximat\",\"description\":\"Tu soluci\u00f3n en prensaestopas y tubos flexibles\",\"publisher\":{\"@id\":\"https:\/\/www.fleximat.es\/bn\/#organization\"},\"potentialAction\":[{\"@type\":\"SearchAction\",\"target\":{\"@type\":\"EntryPoint\",\"urlTemplate\":\"https:\/\/www.fleximat.es\/bn\/?s={search_term_string}\"},\"query-input\":\"required name=search_term_string\"}],\"inLanguage\":\"tr\"},{\"@type\":\"Organization\",\"@id\":\"https:\/\/www.fleximat.es\/bn\/#organization\",\"name\":\"Fleximat\",\"url\":\"https:\/\/www.fleximat.es\/bn\/\",\"logo\":{\"@type\":\"ImageObject\",\"inLanguage\":\"tr\",\"@id\":\"https:\/\/www.fleximat.es\/bn\/#\/schema\/logo\/image\/\",\"url\":\"https:\/\/www.fleximat.es\/wp-content\/uploads\/2023\/11\/fleximat-logo-1.png\",\"contentUrl\":\"https:\/\/www.fleximat.es\/wp-content\/uploads\/2023\/11\/fleximat-logo-1.png\",\"width\":1169,\"height\":289,\"caption\":\"Fleximat\"},\"image\":{\"@id\":\"https:\/\/www.fleximat.es\/bn\/#\/schema\/logo\/image\/\"}},{\"@type\":\"Person\",\"@id\":\"https:\/\/www.fleximat.es\/bn\/#\/schema\/person\/de8b4c68896d4a526be5f06f687775b7\",\"name\":\"eloi\",\"sameAs\":[\"https:\/\/www.fleximat.es\"],\"url\":\"https:\/\/www.fleximat.es\/tr\/author\/eloi\/\"}]}<\/script>\n<!-- \/ Yoast SEO plugin. -->","yoast_head_json":{"title":"Prensaestopas multicable - Fleximat","robots":{"index":"index","follow":"follow","max-snippet":"max-snippet:-1","max-image-preview":"max-image-preview:large","max-video-preview":"max-video-preview:-1"},"canonical":"https:\/\/www.fleximat.es\/tr\/prensaestopas-multicable\/","og_locale":"tr_TR","og_type":"article","og_title":"Prensaestopas multicable - Fleximat","og_description":"\u00bfTiene un equipo el\u00e9ctrico o maquinaria y necesita conectar varios cables? Los&nbsp;prensaestopas multicable&nbsp;son una soluci\u00f3n perfecta para asegurar la conexi\u00f3n...","og_url":"https:\/\/www.fleximat.es\/tr\/prensaestopas-multicable\/","og_site_name":"Fleximat","article_published_time":"2021-06-03T09:15:15+00:00","article_modified_time":"2023-11-08T10:25:13+00:00","og_image":[{"width":1080,"height":720,"url":"https:\/\/www.fleximat.es\/wp-content\/uploads\/2021\/06\/prensaestopa-multicable.jpg","type":"image\/jpeg"}],"author":"eloi","twitter_card":"summary_large_image","twitter_misc":{"Yazan:":"eloi","Tahmini okuma s\u00fcresi":"2 dakika"},"schema":{"@context":"https:\/\/schema.org","@graph":[{"@type":"Article","@id":"https:\/\/www.fleximat.es\/prensaestopas-multicable\/#article","isPartOf":{"@id":"https:\/\/www.fleximat.es\/prensaestopas-multicable\/"},"author":{"name":"eloi","@id":"https:\/\/www.fleximat.es\/bn\/#\/schema\/person\/de8b4c68896d4a526be5f06f687775b7"},"headline":"Prensaestopas multicable","datePublished":"2021-06-03T09:15:15+00:00","dateModified":"2023-11-08T10:25:13+00:00","mainEntityOfPage":{"@id":"https:\/\/www.fleximat.es\/prensaestopas-multicable\/"},"wordCount":343,"commentCount":0,"publisher":{"@id":"https:\/\/www.fleximat.es\/bn\/#organization"},"articleSection":["Noticias"],"inLanguage":"tr","potentialAction":[{"@type":"CommentAction","name":"Comment","target":["https:\/\/www.fleximat.es\/prensaestopas-multicable\/#respond"]}]},{"@type":"WebPage","@id":"https:\/\/www.fleximat.es\/prensaestopas-multicable\/","url":"https:\/\/www.fleximat.es\/prensaestopas-multicable\/","name":"Prensaestopas multicable - Fleximat","isPartOf":{"@id":"https:\/\/www.fleximat.es\/bn\/#website"},"datePublished":"2021-06-03T09:15:15+00:00","dateModified":"2023-11-08T10:25:13+00:00","breadcrumb":{"@id":"https:\/\/www.fleximat.es\/prensaestopas-multicable\/#breadcrumb"},"inLanguage":"tr","potentialAction":[{"@type":"ReadAction","target":["https:\/\/www.fleximat.es\/prensaestopas-multicable\/"]}]},{"@type":"BreadcrumbList","@id":"https:\/\/www.fleximat.es\/prensaestopas-multicable\/#breadcrumb","itemListElement":[{"@type":"ListItem","position":1,"name":"Portada","item":"https:\/\/www.fleximat.es\/"},{"@type":"ListItem","position":2,"name":"Prensaestopas multicable"}]},{"@type":"WebSite","@id":"https:\/\/www.fleximat.es\/bn\/#website","url":"https:\/\/www.fleximat.es\/bn\/","name":"Fleximat","description":"Tu soluci\u00f3n en prensaestopas y tubos flexibles","publisher":{"@id":"https:\/\/www.fleximat.es\/bn\/#organization"},"potentialAction":[{"@type":"SearchAction","target":{"@type":"EntryPoint","urlTemplate":"https:\/\/www.fleximat.es\/bn\/?s={search_term_string}"},"query-input":"required name=search_term_string"}],"inLanguage":"tr"},{"@type":"Organization","@id":"https:\/\/www.fleximat.es\/bn\/#organization","name":"Fleximat","url":"https:\/\/www.fleximat.es\/bn\/","logo":{"@type":"ImageObject","inLanguage":"tr","@id":"https:\/\/www.fleximat.es\/bn\/#\/schema\/logo\/image\/","url":"https:\/\/www.fleximat.es\/wp-content\/uploads\/2023\/11\/fleximat-logo-1.png","contentUrl":"https:\/\/www.fleximat.es\/wp-content\/uploads\/2023\/11\/fleximat-logo-1.png","width":1169,"height":289,"caption":"Fleximat"},"image":{"@id":"https:\/\/www.fleximat.es\/bn\/#\/schema\/logo\/image\/"}},{"@type":"Person","@id":"https:\/\/www.fleximat.es\/bn\/#\/schema\/person\/de8b4c68896d4a526be5f06f687775b7","name":"eloi","sameAs":["https:\/\/www.fleximat.es"],"url":"https:\/\/www.fleximat.es\/tr\/author\/eloi\/"}]}},"taxonomy_info":{"category":[{"value":99,"label":"Noticias"}]},"featured_image_src_large":["https:\/\/www.fleximat.es\/wp-content\/uploads\/2021\/06\/prensaestopa-multicable-1024x683.jpg",1024,683,true],"author_info":{"display_name":"eloi","author_link":"https:\/\/www.fleximat.es\/tr\/author\/eloi\/"},"comment_info":0,"category_info":[{"term_id":99,"name":"Noticias","slug":"noticias","term_group":0,"term_taxonomy_id":99,"taxonomy":"category","description":"","parent":0,"count":3,"filter":"raw","term_order":"0","cat_ID":99,"category_count":3,"category_description":"","cat_name":"Noticias","category_nicename":"noticias","category_parent":0}],"tag_info":false,"_links":{"self":[{"href":"https:\/\/www.fleximat.es\/tr\/wp-json\/wp\/v2\/posts\/53"}],"collection":[{"href":"https:\/\/www.fleximat.es\/tr\/wp-json\/wp\/v2\/posts"}],"about":[{"href":"https:\/\/www.fleximat.es\/tr\/wp-json\/wp\/v2\/types\/post"}],"author":[{"embeddable":true,"href":"https:\/\/www.fleximat.es\/tr\/wp-json\/wp\/v2\/users\/1"}],"replies":[{"embeddable":true,"href":"https:\/\/www.fleximat.es\/tr\/wp-json\/wp\/v2\/comments?post=53"}],"version-history":[{"count":0,"href":"https:\/\/www.fleximat.es\/tr\/wp-json\/wp\/v2\/posts\/53\/revisions"}],"wp:featuredmedia":[{"embeddable":true,"href":"https:\/\/www.fleximat.es\/tr\/wp-json\/wp\/v2\/media\/2509"}],"wp:attachment":[{"href":"https:\/\/www.fleximat.es\/tr\/wp-json\/wp\/v2\/media?parent=53"}],"wp:term":[{"taxonomy":"category","embeddable":true,"href":"https:\/\/www.fleximat.es\/tr\/wp-json\/wp\/v2\/categories?post=53"},{"taxonomy":"post_tag","embeddable":true,"href":"https:\/\/www.fleximat.es\/tr\/wp-json\/wp\/v2\/tags?post=53"}],"curies":[{"name":"wp","href":"https:\/\/api.w.org\/{rel}","templated":true}]}}