{"id":2414,"date":"2021-07-20T22:16:34","date_gmt":"2021-07-20T22:16:34","guid":{"rendered":"https:\/\/www.fleximat.es\/blog\/?p=96"},"modified":"2021-07-20T22:16:34","modified_gmt":"2021-07-20T22:16:34","slug":"los-prensaestopas-para-energias-renovables-una-necesidad-para-un-sector-en-expansion","status":"publish","type":"post","link":"https:\/\/www.fleximat.es\/zh\/los-prensaestopas-para-energias-renovables-una-necesidad-para-un-sector-en-expansion\/","title":{"rendered":"\u53ef\u518d\u751f\u80fd\u6e90\u7535\u7f06\u63a5\u5934\uff1a\u884c\u4e1a\u6269\u5f20\u7684\u5fc5\u8981\u6761\u4ef6"},"content":{"rendered":"<p>\u53ef\u518d\u751f\u80fd\u6e90\u9886\u57df\u7684\u6295\u8d44\u9010\u5e74\u589e\u52a0\uff0c\u56e0\u6b64\u6709\u5fc5\u8981\u4f7f\u7528\u8be5\u884c\u4e1a\u7684\u7279\u6b8a\u5de5\u5177\uff0c\u4f8b\u5982 <a href=\"https:\/\/www.fleximat.es\/zh\/index.html\/\" target=\"_blank\" rel=\"noopener\"><strong>\u53ef\u518d\u751f\u80fd\u6e90\u7535\u7f06\u5bc6\u5c01\u5957\u3002<\/strong><\/a><\/p>\n<p>\u53ef\u518d\u751f\u80fd\u6e90\u884c\u4e1a\u7684\u516c\u53f8\u80a9\u8d1f\u7740\u4e3a\u9879\u76ee\u3001\u516c\u53f8\u548c\u4e2a\u4eba\u63d0\u4f9b\u9ad8\u6548\u3001\u7eff\u8272\u80fd\u6e90\u7684\u91cd\u8981\u4efb\u52a1\u3002\u9274\u4e8e\u6b64\uff0c\u8d1f\u8d23\u8fd9\u9879\u5de5\u4f5c\u7684\u516c\u53f8\u53ef\u80fd\u5fc5\u987b\u5728\u5145\u6ee1\u6311\u6218\u7684\u73af\u5883\u4e2d\u8fd0\u8425\uff0c\u5176\u8bbe\u5907\u548c\u5e03\u7ebf\u7cfb\u7edf\u66b4\u9732\u4e8e\u5916\u90e8\u5143\u7d20\u3001\u8150\u8680\u6027\u6750\u6599\u548c\u5176\u4ed6\u7269\u8d28\u3002\u968f\u7740\u65f6\u95f4\u7684\u63a8\u79fb\uff0c\u8fd9\u53ef\u80fd\u4f1a\u5bfc\u81f4\u4ee3\u4ef7\u9ad8\u6602\u7684\u635f\u574f\u6216\u78e8\u635f\uff0c\u7279\u522b\u662f\u5982\u679c\u7279\u6b8a\u7269\u54c1\uff0c\u4f8b\u5982 <strong>\u53ef\u518d\u751f\u80fd\u6e90\u7535\u7f06\u5bc6\u5c01\u5957\u3002<\/strong><\/p>\n<p>\u7535\u7f06\u4fdd\u62a4\u5bf9\u4e8e\u53ef\u518d\u751f\u80fd\u6e90\u884c\u4e1a\u81f3\u5173\u91cd\u8981\u3002\u4f18\u5316\u5e03\u7ebf\u7cfb\u7edf\u7684\u4f7f\u7528\u5bff\u547d\uff0c\u8ba9\u60a8\u7684\u516c\u53f8\u80fd\u591f\u5c06\u65f6\u95f4\u548c\u91d1\u94b1\u6295\u5165\u5230\u5229\u6da6\u66f4\u9ad8\u7684\u4e1a\u52a1\u9886\u57df\u3002<\/p>\n<p>\u8fd9 <strong>\u53ef\u518d\u751f\u80fd\u6e90\u7535\u7f06\u683c\u5170\u5934<\/strong> \u5b83\u4eec\u5fc5\u987b\u83b7\u5f97\u9488\u5bf9\u5371\u9669\u3001\u5de5\u4e1a\u548c\u6d77\u6d0b\u73af\u5883\u7684\u5168\u7403\u8ba4\u8bc1\uff0c\u4ee5\u4fbf\u80fd\u591f\u5b89\u5168\u6709\u6548\u5730\u7528\u4e8e\u98ce\u529b\u3001\u9646\u4e0a\u548c\u6d77\u4e0a\u53d1\u7535\u573a\u3001\u6c34\u529b\u53d1\u7535\u5382\u548c\u5176\u4ed6\u53d1\u7535\u5e94\u7528\u3002<\/p>\n<p>&nbsp;<\/p>\n<p><img loading=\"lazy\" decoding=\"async\" class=\"alignnone size-full wp-image-100\" src=\"https:\/\/www.fleximat.es\/wp-content\/uploads\/2021\/07\/windmills-1747331_1920-1.jpg\" alt=\"\" width=\"1920\" height=\"1279\" \/><\/p>\n<h2>\u65e5\u76ca\u589e\u957f\u7684\u884c\u4e1a\u5bf9\u53ef\u518d\u751f\u80fd\u6e90\u7535\u7f06\u5bc6\u5c01\u5957\u7684\u9700\u6c42<\/h2>\n<p>\u5728\u53ef\u518d\u751f\u80fd\u6e90\u4e2d\uff0c\u98ce\u80fd\u662f\u5168\u7403\u589e\u957f\u6700\u5feb\u7684\u5e02\u573a\u3002\u5404\u5927\u6d32\u90fd\u5728\u5f00\u53d1\u65b0\u7684\u98ce\u7535\u573a\u3002\u5b83\u4eec\u5c06\u8d8a\u6765\u8d8a\u591a\u5730\u53d6\u4ee3\u5316\u77f3\u71c3\u6599\u7684\u80fd\u6e90\u4f9b\u5e94\uff0c\u56e0\u6b64\u5c06\u4e3a\u73af\u5883\u505a\u51fa\u81f3\u5173\u91cd\u8981\u7684\u8d21\u732e\u3002\u5bf9\u4e8e\u6240\u6709\u8fd9\u4e9b\u9879\u76ee\uff0c\u90fd\u9700\u8981 <strong>\u53ef\u518d\u751f\u80fd\u6e90\u7535\u7f06\u5bc6\u5c01\u5957\u3002<\/strong><\/p>\n<p>\u7531\u4e8e\u4e9a\u6d32\u6216\u6b27\u6d32\u7b49\u5730\u7684\u6c14\u5019\u6761\u4ef6\u975e\u5e38\u591a\u6837\u5316\u4ee5\u53ca\u7279\u5b9a\u7684\u6280\u672f\u8981\u6c42\uff0c\u5bf9\u7535\u7ebf\u3001\u7535\u7f06\u3001\u8fde\u63a5\u5668\u548c <strong>\u53ef\u518d\u751f\u80fd\u6e90\u7535\u7f06\u683c\u5170\u5934<\/strong> \u5728\u8010\u6e29\u6027\u3001\u6297\u632f\u6027\u548c\u626d\u8f6c\u7a33\u5b9a\u6027\u65b9\u9762\u90fd\u6781\u9ad8\u3002\u8bb8\u591a\u5df2\u5b89\u88c5\u7684\u90e8\u4ef6\u5fc5\u987b\u5728 -40 \u81f3 + 90 \u00b0C \u7684\u6e29\u5ea6\u8303\u56f4\u5185\u6301\u7eed\u6570\u5e74\u8868\u73b0\u51fa\u53ef\u9760\u7684\u529f\u80fd\u3002<\/p>\n<p>\u9274\u4e8e\u6b64\uff0cFleximat \u63d0\u4f9b\u4e86\u6700\u597d\u7684\u62a5\u4ef7 <strong>\u53ef\u518d\u751f\u80fd\u6e90\u7535\u7f06\u5bc6\u5c01\u5957\u3002<\/strong> Fleximat \u5728\u8be5\u9886\u57df\u62e5\u6709 20 \u591a\u5e74\u7684\u7ecf\u9a8c\uff0c\u81f4\u529b\u4e8e\u5f00\u53d1\u548c\u5236\u9020\u6700\u4f18\u8d28\u7684\u4ea7\u54c1\u548c\u7cfb\u7edf\uff0c\u7528\u4e8e\u4fdd\u62a4\u548c\u8fde\u63a5\u4e0d\u540c\u884c\u4e1a\uff08\u5305\u62ec\u53ef\u518d\u751f\u80fd\u6e90\uff09\u7684\u7535\u7f06\u3002<\/p>\n<p>Fleximat \u63d0\u4f9b\u7684\u8d28\u91cf\u548c\u4fe1\u4efb\u4f7f\u4ed6\u4eec\u53d7\u5230\u8be5\u884c\u4e1a\u9886\u5148\u516c\u53f8\u7684\u8d5e\u8d4f\uff0c\u540c\u65f6\u4ed6\u4eec\u6bcf\u5929\u90fd\u5728\u4e0d\u65ad\u63a2\u7d22\uff0c\u4e3a\u5e02\u573a\u63d0\u4f9b\u66f4\u597d\u3001\u66f4\u6709\u7528\u7684\u89e3\u51b3\u65b9\u6848\u3002<\/p>\n<p>\u6b64\u5916\uff0cFleximat \u8d1f\u8d23\u4efb\u5730\u4f7f\u7528\u6240\u6709\u5de5\u4e1a\u6d41\u7a0b\uff0c\u4ece\u800c\u5728\u6574\u4e2a\u521b\u9020\u94fe\u4e2d\u5c0a\u91cd\u73af\u5883\u3002<\/p>","protected":false},"excerpt":{"rendered":"<p>\u53ef\u518d\u751f\u80fd\u6e90\u9886\u57df\u7684\u6295\u8d44\u9010\u5e74\u589e\u52a0\uff0c\u56e0\u6b64\u6709\u5fc5\u8981\u4f7f\u7528......<\/p>","protected":false},"author":1,"featured_media":2119,"comment_status":"open","ping_status":"open","sticky":false,"template":"","format":"standard","meta":{"_kad_blocks_custom_css":"","_kad_blocks_head_custom_js":"","_kad_blocks_body_custom_js":"","_kad_blocks_footer_custom_js":"","_kadence_starter_templates_imported_post":false,"_kad_post_transparent":"","_kad_post_title":"","_kad_post_layout":"","_kad_post_sidebar_id":"","_kad_post_content_style":"","_kad_post_vertical_padding":"","_kad_post_feature":"","_kad_post_feature_position":"","_kad_post_header":false,"_kad_post_footer":false,"footnotes":""},"categories":[102],"tags":[115],"class_list":["post-2414","post","type-post","status-publish","format-standard","has-post-thumbnail","hentry","category-proteccion-de-cableados","tag-prensaestopas-para-energias-renovables"],"yoast_head":"<!-- This site is optimized with the Yoast SEO plugin v21.7 - https:\/\/yoast.com\/wordpress\/plugins\/seo\/ -->\n<title>Los prensaestopas para energ\u00edas renovables: una necesidad para un sector en expansi\u00f3n - Fleximat<\/title>\n<meta name=\"robots\" content=\"index, follow, max-snippet:-1, max-image-preview:large, max-video-preview:-1\" \/>\n<link rel=\"canonical\" href=\"https:\/\/www.fleximat.es\/zh\/los-prensaestopas-para-energias-renovables-una-necesidad-para-un-sector-en-expansion\/\" \/>\n<meta property=\"og:locale\" content=\"zh_CN\" \/>\n<meta property=\"og:type\" content=\"article\" \/>\n<meta property=\"og:title\" content=\"Los prensaestopas para energ\u00edas renovables: una necesidad para un sector en expansi\u00f3n - Fleximat\" \/>\n<meta property=\"og:description\" content=\"Las inversiones en el sector de las energ\u00edas renovables aumentan cada a\u00f1o, por lo que se hace necesario el uso...\" \/>\n<meta property=\"og:url\" content=\"https:\/\/www.fleximat.es\/zh\/los-prensaestopas-para-energias-renovables-una-necesidad-para-un-sector-en-expansion\/\" \/>\n<meta property=\"og:site_name\" content=\"Fleximat\" \/>\n<meta property=\"article:published_time\" content=\"2021-07-20T22:16:34+00:00\" \/>\n<meta property=\"og:image\" content=\"https:\/\/www.fleximat.es\/wp-content\/uploads\/2021\/07\/wind-turbines-2991696_1920.jpg\" \/>\n\t<meta property=\"og:image:width\" content=\"1920\" \/>\n\t<meta property=\"og:image:height\" content=\"1282\" \/>\n\t<meta property=\"og:image:type\" content=\"image\/jpeg\" \/>\n<meta name=\"author\" content=\"eloi\" \/>\n<meta name=\"twitter:card\" content=\"summary_large_image\" \/>\n<meta name=\"twitter:label1\" content=\"\u4f5c\u8005\" \/>\n\t<meta name=\"twitter:data1\" content=\"eloi\" \/>\n\t<meta name=\"twitter:label2\" content=\"\u9884\u8ba1\u9605\u8bfb\u65f6\u95f4\" \/>\n\t<meta name=\"twitter:data2\" content=\"3 \u5206\" \/>\n<script type=\"application\/ld+json\" class=\"yoast-schema-graph\">{\"@context\":\"https:\/\/schema.org\",\"@graph\":[{\"@type\":\"Article\",\"@id\":\"https:\/\/www.fleximat.es\/nl\/los-prensaestopas-para-energias-renovables-una-necesidad-para-un-sector-en-expansion\/#article\",\"isPartOf\":{\"@id\":\"https:\/\/www.fleximat.es\/nl\/los-prensaestopas-para-energias-renovables-una-necesidad-para-un-sector-en-expansion\/\"},\"author\":{\"name\":\"eloi\",\"@id\":\"https:\/\/www.fleximat.es\/bn\/#\/schema\/person\/de8b4c68896d4a526be5f06f687775b7\"},\"headline\":\"Los prensaestopas para energ\u00edas renovables: una necesidad para un sector en expansi\u00f3n\",\"datePublished\":\"2021-07-20T22:16:34+00:00\",\"dateModified\":\"2021-07-20T22:16:34+00:00\",\"mainEntityOfPage\":{\"@id\":\"https:\/\/www.fleximat.es\/nl\/los-prensaestopas-para-energias-renovables-una-necesidad-para-un-sector-en-expansion\/\"},\"wordCount\":515,\"commentCount\":0,\"publisher\":{\"@id\":\"https:\/\/www.fleximat.es\/bn\/#organization\"},\"keywords\":[\"prensaestopas para energ\u00edas renovables.\"],\"articleSection\":[\"Protecci\u00f3n de cableados\"],\"inLanguage\":\"zh-Hans\",\"potentialAction\":[{\"@type\":\"CommentAction\",\"name\":\"Comment\",\"target\":[\"https:\/\/www.fleximat.es\/nl\/los-prensaestopas-para-energias-renovables-una-necesidad-para-un-sector-en-expansion\/#respond\"]}]},{\"@type\":\"WebPage\",\"@id\":\"https:\/\/www.fleximat.es\/nl\/los-prensaestopas-para-energias-renovables-una-necesidad-para-un-sector-en-expansion\/\",\"url\":\"https:\/\/www.fleximat.es\/nl\/los-prensaestopas-para-energias-renovables-una-necesidad-para-un-sector-en-expansion\/\",\"name\":\"Los prensaestopas para energ\u00edas renovables: una necesidad para un sector en expansi\u00f3n - Fleximat\",\"isPartOf\":{\"@id\":\"https:\/\/www.fleximat.es\/bn\/#website\"},\"datePublished\":\"2021-07-20T22:16:34+00:00\",\"dateModified\":\"2021-07-20T22:16:34+00:00\",\"breadcrumb\":{\"@id\":\"https:\/\/www.fleximat.es\/nl\/los-prensaestopas-para-energias-renovables-una-necesidad-para-un-sector-en-expansion\/#breadcrumb\"},\"inLanguage\":\"zh-Hans\",\"potentialAction\":[{\"@type\":\"ReadAction\",\"target\":[\"https:\/\/www.fleximat.es\/nl\/los-prensaestopas-para-energias-renovables-una-necesidad-para-un-sector-en-expansion\/\"]}]},{\"@type\":\"BreadcrumbList\",\"@id\":\"https:\/\/www.fleximat.es\/nl\/los-prensaestopas-para-energias-renovables-una-necesidad-para-un-sector-en-expansion\/#breadcrumb\",\"itemListElement\":[{\"@type\":\"ListItem\",\"position\":1,\"name\":\"Portada\",\"item\":\"https:\/\/www.fleximat.es\/\"},{\"@type\":\"ListItem\",\"position\":2,\"name\":\"Los prensaestopas para energ\u00edas renovables: una necesidad para un sector en expansi\u00f3n\"}]},{\"@type\":\"WebSite\",\"@id\":\"https:\/\/www.fleximat.es\/bn\/#website\",\"url\":\"https:\/\/www.fleximat.es\/bn\/\",\"name\":\"Fleximat\",\"description\":\"Tu soluci\u00f3n en prensaestopas y tubos flexibles\",\"publisher\":{\"@id\":\"https:\/\/www.fleximat.es\/bn\/#organization\"},\"potentialAction\":[{\"@type\":\"SearchAction\",\"target\":{\"@type\":\"EntryPoint\",\"urlTemplate\":\"https:\/\/www.fleximat.es\/bn\/?s={search_term_string}\"},\"query-input\":\"required name=search_term_string\"}],\"inLanguage\":\"zh-Hans\"},{\"@type\":\"Organization\",\"@id\":\"https:\/\/www.fleximat.es\/bn\/#organization\",\"name\":\"Fleximat\",\"url\":\"https:\/\/www.fleximat.es\/bn\/\",\"logo\":{\"@type\":\"ImageObject\",\"inLanguage\":\"zh-Hans\",\"@id\":\"https:\/\/www.fleximat.es\/bn\/#\/schema\/logo\/image\/\",\"url\":\"https:\/\/www.fleximat.es\/wp-content\/uploads\/2023\/11\/fleximat-logo-1.png\",\"contentUrl\":\"https:\/\/www.fleximat.es\/wp-content\/uploads\/2023\/11\/fleximat-logo-1.png\",\"width\":1169,\"height\":289,\"caption\":\"Fleximat\"},\"image\":{\"@id\":\"https:\/\/www.fleximat.es\/bn\/#\/schema\/logo\/image\/\"}},{\"@type\":\"Person\",\"@id\":\"https:\/\/www.fleximat.es\/bn\/#\/schema\/person\/de8b4c68896d4a526be5f06f687775b7\",\"name\":\"eloi\",\"sameAs\":[\"https:\/\/www.fleximat.es\"],\"url\":\"https:\/\/www.fleximat.es\/zh\/author\/eloi\/\"}]}<\/script>\n<!-- \/ Yoast SEO plugin. -->","yoast_head_json":{"title":"Los prensaestopas para energ\u00edas renovables: una necesidad para un sector en expansi\u00f3n - Fleximat","robots":{"index":"index","follow":"follow","max-snippet":"max-snippet:-1","max-image-preview":"max-image-preview:large","max-video-preview":"max-video-preview:-1"},"canonical":"https:\/\/www.fleximat.es\/zh\/los-prensaestopas-para-energias-renovables-una-necesidad-para-un-sector-en-expansion\/","og_locale":"zh_CN","og_type":"article","og_title":"Los prensaestopas para energ\u00edas renovables: una necesidad para un sector en expansi\u00f3n - Fleximat","og_description":"Las inversiones en el sector de las energ\u00edas renovables aumentan cada a\u00f1o, por lo que se hace necesario el uso...","og_url":"https:\/\/www.fleximat.es\/zh\/los-prensaestopas-para-energias-renovables-una-necesidad-para-un-sector-en-expansion\/","og_site_name":"Fleximat","article_published_time":"2021-07-20T22:16:34+00:00","og_image":[{"width":1920,"height":1282,"url":"https:\/\/www.fleximat.es\/wp-content\/uploads\/2021\/07\/wind-turbines-2991696_1920.jpg","type":"image\/jpeg"}],"author":"eloi","twitter_card":"summary_large_image","twitter_misc":{"\u4f5c\u8005":"eloi","\u9884\u8ba1\u9605\u8bfb\u65f6\u95f4":"3 \u5206"},"schema":{"@context":"https:\/\/schema.org","@graph":[{"@type":"Article","@id":"https:\/\/www.fleximat.es\/nl\/los-prensaestopas-para-energias-renovables-una-necesidad-para-un-sector-en-expansion\/#article","isPartOf":{"@id":"https:\/\/www.fleximat.es\/nl\/los-prensaestopas-para-energias-renovables-una-necesidad-para-un-sector-en-expansion\/"},"author":{"name":"eloi","@id":"https:\/\/www.fleximat.es\/bn\/#\/schema\/person\/de8b4c68896d4a526be5f06f687775b7"},"headline":"Los prensaestopas para energ\u00edas renovables: una necesidad para un sector en expansi\u00f3n","datePublished":"2021-07-20T22:16:34+00:00","dateModified":"2021-07-20T22:16:34+00:00","mainEntityOfPage":{"@id":"https:\/\/www.fleximat.es\/nl\/los-prensaestopas-para-energias-renovables-una-necesidad-para-un-sector-en-expansion\/"},"wordCount":515,"commentCount":0,"publisher":{"@id":"https:\/\/www.fleximat.es\/bn\/#organization"},"keywords":["prensaestopas para energ\u00edas renovables."],"articleSection":["Protecci\u00f3n de cableados"],"inLanguage":"zh-Hans","potentialAction":[{"@type":"CommentAction","name":"Comment","target":["https:\/\/www.fleximat.es\/nl\/los-prensaestopas-para-energias-renovables-una-necesidad-para-un-sector-en-expansion\/#respond"]}]},{"@type":"WebPage","@id":"https:\/\/www.fleximat.es\/nl\/los-prensaestopas-para-energias-renovables-una-necesidad-para-un-sector-en-expansion\/","url":"https:\/\/www.fleximat.es\/nl\/los-prensaestopas-para-energias-renovables-una-necesidad-para-un-sector-en-expansion\/","name":"Los prensaestopas para energ\u00edas renovables: una necesidad para un sector en expansi\u00f3n - Fleximat","isPartOf":{"@id":"https:\/\/www.fleximat.es\/bn\/#website"},"datePublished":"2021-07-20T22:16:34+00:00","dateModified":"2021-07-20T22:16:34+00:00","breadcrumb":{"@id":"https:\/\/www.fleximat.es\/nl\/los-prensaestopas-para-energias-renovables-una-necesidad-para-un-sector-en-expansion\/#breadcrumb"},"inLanguage":"zh-Hans","potentialAction":[{"@type":"ReadAction","target":["https:\/\/www.fleximat.es\/nl\/los-prensaestopas-para-energias-renovables-una-necesidad-para-un-sector-en-expansion\/"]}]},{"@type":"BreadcrumbList","@id":"https:\/\/www.fleximat.es\/nl\/los-prensaestopas-para-energias-renovables-una-necesidad-para-un-sector-en-expansion\/#breadcrumb","itemListElement":[{"@type":"ListItem","position":1,"name":"Portada","item":"https:\/\/www.fleximat.es\/"},{"@type":"ListItem","position":2,"name":"Los prensaestopas para energ\u00edas renovables: una necesidad para un sector en expansi\u00f3n"}]},{"@type":"WebSite","@id":"https:\/\/www.fleximat.es\/bn\/#website","url":"https:\/\/www.fleximat.es\/bn\/","name":"Fleximat","description":"Tu soluci\u00f3n en prensaestopas y tubos flexibles","publisher":{"@id":"https:\/\/www.fleximat.es\/bn\/#organization"},"potentialAction":[{"@type":"SearchAction","target":{"@type":"EntryPoint","urlTemplate":"https:\/\/www.fleximat.es\/bn\/?s={search_term_string}"},"query-input":"required name=search_term_string"}],"inLanguage":"zh-Hans"},{"@type":"Organization","@id":"https:\/\/www.fleximat.es\/bn\/#organization","name":"Fleximat","url":"https:\/\/www.fleximat.es\/bn\/","logo":{"@type":"ImageObject","inLanguage":"zh-Hans","@id":"https:\/\/www.fleximat.es\/bn\/#\/schema\/logo\/image\/","url":"https:\/\/www.fleximat.es\/wp-content\/uploads\/2023\/11\/fleximat-logo-1.png","contentUrl":"https:\/\/www.fleximat.es\/wp-content\/uploads\/2023\/11\/fleximat-logo-1.png","width":1169,"height":289,"caption":"Fleximat"},"image":{"@id":"https:\/\/www.fleximat.es\/bn\/#\/schema\/logo\/image\/"}},{"@type":"Person","@id":"https:\/\/www.fleximat.es\/bn\/#\/schema\/person\/de8b4c68896d4a526be5f06f687775b7","name":"eloi","sameAs":["https:\/\/www.fleximat.es"],"url":"https:\/\/www.fleximat.es\/zh\/author\/eloi\/"}]}},"taxonomy_info":{"category":[{"value":102,"label":"Protecci\u00f3n de cableados"}],"post_tag":[{"value":115,"label":"prensaestopas para energ\u00edas renovables."}]},"featured_image_src_large":["https:\/\/www.fleximat.es\/wp-content\/uploads\/2021\/07\/wind-turbines-2991696_1920-1024x684.jpg",1024,684,true],"author_info":{"display_name":"eloi","author_link":"https:\/\/www.fleximat.es\/zh\/author\/eloi\/"},"comment_info":0,"category_info":[{"term_id":102,"name":"Protecci\u00f3n de cableados","slug":"proteccion-de-cableados","term_group":0,"term_taxonomy_id":102,"taxonomy":"category","description":"","parent":0,"count":14,"filter":"raw","term_order":"0","cat_ID":102,"category_count":14,"category_description":"","cat_name":"Protecci\u00f3n de cableados","category_nicename":"proteccion-de-cableados","category_parent":0}],"tag_info":[{"term_id":115,"name":"prensaestopas para energ\u00edas renovables.","slug":"prensaestopas-para-energias-renovables","term_group":0,"term_taxonomy_id":115,"taxonomy":"post_tag","description":"","parent":0,"count":1,"filter":"raw","term_order":"0"}],"_links":{"self":[{"href":"https:\/\/www.fleximat.es\/zh\/wp-json\/wp\/v2\/posts\/2414"}],"collection":[{"href":"https:\/\/www.fleximat.es\/zh\/wp-json\/wp\/v2\/posts"}],"about":[{"href":"https:\/\/www.fleximat.es\/zh\/wp-json\/wp\/v2\/types\/post"}],"author":[{"embeddable":true,"href":"https:\/\/www.fleximat.es\/zh\/wp-json\/wp\/v2\/users\/1"}],"replies":[{"embeddable":true,"href":"https:\/\/www.fleximat.es\/zh\/wp-json\/wp\/v2\/comments?post=2414"}],"version-history":[{"count":0,"href":"https:\/\/www.fleximat.es\/zh\/wp-json\/wp\/v2\/posts\/2414\/revisions"}],"wp:featuredmedia":[{"embeddable":true,"href":"https:\/\/www.fleximat.es\/zh\/wp-json\/wp\/v2\/media\/2119"}],"wp:attachment":[{"href":"https:\/\/www.fleximat.es\/zh\/wp-json\/wp\/v2\/media?parent=2414"}],"wp:term":[{"taxonomy":"category","embeddable":true,"href":"https:\/\/www.fleximat.es\/zh\/wp-json\/wp\/v2\/categories?post=2414"},{"taxonomy":"post_tag","embeddable":true,"href":"https:\/\/www.fleximat.es\/zh\/wp-json\/wp\/v2\/tags?post=2414"}],"curies":[{"name":"wp","href":"https:\/\/api.w.org\/{rel}","templated":true}]}}