{"id":69,"date":"2021-06-21T10:21:39","date_gmt":"2021-06-21T10:21:39","guid":{"rendered":"https:\/\/www.fleximat.es\/blog\/?p=69"},"modified":"2023-11-08T10:57:41","modified_gmt":"2023-11-08T09:57:41","slug":"las-punteras-de-aislamiento-son-un-elemento-esencial-para-la-seguridad","status":"publish","type":"post","link":"https:\/\/www.fleximat.es\/zh\/las-punteras-de-aislamiento-son-un-elemento-esencial-para-la-seguridad\/","title":{"rendered":"\u7edd\u7f18\u978b\u5934\u662f\u5b89\u5168\u7684\u57fa\u672c\u8981\u7d20"},"content":{"rendered":"<h2 class=\"wp-block-heading\"><b>Las punteras de protecci\u00f3n aisladas ayudan a prevenir riesgos en un entorno de instalaci\u00f3n el\u00e9ctrico<\/b><\/h2>\n\n\n\n<p><span style=\"font-weight: 400;\">Las instalaciones el\u00e9ctricas se han convertido, a lo largo del \u00faltimo siglo, en el elemento clave de la mayor\u00eda de negocios del sector industrial.<\/span><\/p>\n\n\n\n<p><span style=\"font-weight: 400;\">La electricidad ha sido sin lugar a dudas la gran aliada de la automatizaci\u00f3n y el ahorro de recursos para este sector, que a su vez ha experimentado un crecimiento incre\u00edble en cuanto a capacidad de producci\u00f3n y abastecimiento, generando una cantidad cada vez mayor de productos con menos tiempo y recursos.<\/span><\/p>\n\n\n\n<p><span style=\"font-weight: 400;\">Este crecimiento en el uso de las instalaciones el\u00e9ctricas ha tra\u00eddo consigo la necesidad de impulsar una l\u00f3gica y necesaria preocupaci\u00f3n por la seguridad de las mismas, innovando continuamente en los sistemas de protecci\u00f3n y eficiencia de las instalaciones.<\/span><\/p>\n\n\n\n<p><span style=\"font-weight: 400;\">Uno de los avances en ese sentido son las <\/span><a href=\"https:\/\/www.fleximat.es\/zh\/blog\/las-prensaestopas-emc-un-paso-mas-en-las-soluciones-de-seguridad-de-las-instalaciones-electricas\/\"><b>punteras de aislamiento<\/b><\/a><span style=\"font-weight: 400;\"> para cableado. Este tipo de punteras de protecci\u00f3n no solo garantizan una mayor seguridad gracias a su revestimiento de PVC que las hace totalmente aislantes a la electricidad, reduciendo el riesgo de manipulaci\u00f3n del cableado, si no que a su vez contribuyen a mejorar y aumentar la rapidez de la instalaci\u00f3n, ya que sirven de gu\u00eda para los hilos de cobre del cable, evitando que que sobresalgan y reduciendo la posibilidad de que haya una rotura de cable.<\/span><\/p>\n\n\n\n<p><span style=\"font-weight: 400;\">Las <\/span><b>punteras de aislamiento <\/b><span style=\"font-weight: 400;\">est\u00e1n formadas por un ligero tubo blando y met\u00e1lico que es engarzado en el extremo de un cable trenzado, cosa que mejora su conectividad.<\/span><\/p>\n\n\n\n<p><span style=\"font-weight: 400;\">En un extremo contienen una especie de antorcha o labio que ayuda a guiar los hilos individuales del cable cuando estos se van insertando en la puntera.<\/span><\/p>\n\n\n\n<h2 class=\"wp-block-heading\"><b>\u00bfDe qu\u00e9 est\u00e1n hechas las punteras de aislamiento?&nbsp;<\/b><\/h2>\n\n\n\n<p><span style=\"font-weight: 400;\">La mayor\u00eda de las punteras est\u00e1n hechas de cobre, que generalmente son ba\u00f1adas en esta\u00f1o. Cada puntera est\u00e1 dise\u00f1ada para un calibre espec\u00edfico de alambre, tanto de su di\u00e1metro como de su longitud.<\/span><\/p>\n\n\n\n<p><span style=\"font-weight: 400;\">Las <\/span><b>punteras de aislamiento <\/b><span style=\"font-weight: 400;\">se colocan en las puntas de los cables el\u00e9ctricos para as\u00ed poder facilitar la conexi\u00f3n con los distintos elementos que pueden estar instalados en un cuadro el\u00e9ctrico como pueden ser distintos interruptores diferenciales, magnetot\u00e9rmicos, contactores, etc.<\/span><\/p>\n\n\n\n<p><span style=\"font-weight: 400;\">Como dec\u00edamos, la seguridad es tremendamente esencial en cuanto a las instalaciones el\u00e9ctricas se refiere y uno de los frentes que debemos tener en cuenta en el progreso de su aplicaci\u00f3n y uso en los distintos negocios del sector industrial, especialmente, pero tambi\u00e9n de las instalaciones dom\u00e9sticas.&nbsp;<\/span><\/p>\n\n\n\n<p><span style=\"font-weight: 400;\">Es nuestro deber como sociedad concienciar en una instalaci\u00f3n profesional y adecuada para evitar riesgos derivados de malas praxis que tratan de ahorrar en medios. Las <\/span><b>punteras de aislamiento <\/b><span style=\"font-weight: 400;\">son uno de los elementos que nos ayudar\u00e1n a maximizar la seguridad en el entorno de una instalaci\u00f3n el\u00e9ctrica y su manipulaci\u00f3n.<\/span><\/p>","protected":false},"excerpt":{"rendered":"<p>\u7edd\u7f18\u4fdd\u62a4\u5934\u6709\u52a9\u4e8e\u9632\u6b62\u7535\u6c14\u5b89\u88c5\u73af\u5883\u4e2d\u7684\u98ce\u9669\u7535\u6c14\u5b89\u88c5\u5df2...<\/p>","protected":false},"author":1,"featured_media":2093,"comment_status":"open","ping_status":"open","sticky":false,"template":"","format":"standard","meta":{"_kad_blocks_custom_css":"","_kad_blocks_head_custom_js":"","_kad_blocks_body_custom_js":"","_kad_blocks_footer_custom_js":"","_kadence_starter_templates_imported_post":false,"_kad_post_transparent":"","_kad_post_title":"","_kad_post_layout":"","_kad_post_sidebar_id":"","_kad_post_content_style":"","_kad_post_vertical_padding":"","_kad_post_feature":"","_kad_post_feature_position":"","_kad_post_header":false,"_kad_post_footer":false,"footnotes":""},"categories":[102],"tags":[103],"class_list":["post-69","post","type-post","status-publish","format-standard","has-post-thumbnail","hentry","category-proteccion-de-cableados","tag-punteras-de-aislamiento"],"yoast_head":"<!-- This site is optimized with the Yoast SEO plugin v21.7 - https:\/\/yoast.com\/wordpress\/plugins\/seo\/ -->\n<title>LAS PUNTERAS DE AISLAMIENTO SON UN ELEMENTO ESENCIAL PARA LA SEGURIDAD - Fleximat<\/title>\n<meta name=\"robots\" content=\"index, follow, max-snippet:-1, max-image-preview:large, max-video-preview:-1\" \/>\n<link rel=\"canonical\" href=\"https:\/\/www.fleximat.es\/zh\/las-punteras-de-aislamiento-son-un-elemento-esencial-para-la-seguridad\/\" \/>\n<meta property=\"og:locale\" content=\"zh_CN\" \/>\n<meta property=\"og:type\" content=\"article\" \/>\n<meta property=\"og:title\" content=\"LAS PUNTERAS DE AISLAMIENTO SON UN ELEMENTO ESENCIAL PARA LA SEGURIDAD - Fleximat\" \/>\n<meta property=\"og:description\" content=\"Las punteras de protecci\u00f3n aisladas ayudan a prevenir riesgos en un entorno de instalaci\u00f3n el\u00e9ctrico Las instalaciones el\u00e9ctricas se han...\" \/>\n<meta property=\"og:url\" content=\"https:\/\/www.fleximat.es\/zh\/las-punteras-de-aislamiento-son-un-elemento-esencial-para-la-seguridad\/\" \/>\n<meta property=\"og:site_name\" content=\"Fleximat\" \/>\n<meta property=\"article:published_time\" content=\"2021-06-21T10:21:39+00:00\" \/>\n<meta property=\"article:modified_time\" content=\"2023-11-08T09:57:41+00:00\" \/>\n<meta property=\"og:image\" content=\"https:\/\/www.fleximat.es\/wp-content\/uploads\/2023\/10\/puntera-aislada-din-462284-transformed.png\" \/>\n\t<meta property=\"og:image:width\" content=\"960\" \/>\n\t<meta property=\"og:image:height\" content=\"736\" \/>\n\t<meta property=\"og:image:type\" content=\"image\/png\" \/>\n<meta name=\"author\" content=\"eloi\" \/>\n<meta name=\"twitter:card\" content=\"summary_large_image\" \/>\n<meta name=\"twitter:label1\" content=\"\u4f5c\u8005\" \/>\n\t<meta name=\"twitter:data1\" content=\"eloi\" \/>\n\t<meta name=\"twitter:label2\" content=\"\u9884\u8ba1\u9605\u8bfb\u65f6\u95f4\" \/>\n\t<meta name=\"twitter:data2\" content=\"2 \u5206\" \/>\n<script type=\"application\/ld+json\" class=\"yoast-schema-graph\">{\"@context\":\"https:\/\/schema.org\",\"@graph\":[{\"@type\":\"Article\",\"@id\":\"https:\/\/www.fleximat.es\/las-punteras-de-aislamiento-son-un-elemento-esencial-para-la-seguridad\/#article\",\"isPartOf\":{\"@id\":\"https:\/\/www.fleximat.es\/las-punteras-de-aislamiento-son-un-elemento-esencial-para-la-seguridad\/\"},\"author\":{\"name\":\"eloi\",\"@id\":\"https:\/\/www.fleximat.es\/bn\/#\/schema\/person\/de8b4c68896d4a526be5f06f687775b7\"},\"headline\":\"LAS PUNTERAS DE AISLAMIENTO SON UN ELEMENTO ESENCIAL PARA LA SEGURIDAD\",\"datePublished\":\"2021-06-21T10:21:39+00:00\",\"dateModified\":\"2023-11-08T09:57:41+00:00\",\"mainEntityOfPage\":{\"@id\":\"https:\/\/www.fleximat.es\/las-punteras-de-aislamiento-son-un-elemento-esencial-para-la-seguridad\/\"},\"wordCount\":508,\"commentCount\":0,\"publisher\":{\"@id\":\"https:\/\/www.fleximat.es\/bn\/#organization\"},\"keywords\":[\"punteras de aislamiento\"],\"articleSection\":[\"Protecci\u00f3n de cableados\"],\"inLanguage\":\"zh-Hans\",\"potentialAction\":[{\"@type\":\"CommentAction\",\"name\":\"Comment\",\"target\":[\"https:\/\/www.fleximat.es\/las-punteras-de-aislamiento-son-un-elemento-esencial-para-la-seguridad\/#respond\"]}]},{\"@type\":\"WebPage\",\"@id\":\"https:\/\/www.fleximat.es\/las-punteras-de-aislamiento-son-un-elemento-esencial-para-la-seguridad\/\",\"url\":\"https:\/\/www.fleximat.es\/las-punteras-de-aislamiento-son-un-elemento-esencial-para-la-seguridad\/\",\"name\":\"LAS PUNTERAS DE AISLAMIENTO SON UN ELEMENTO ESENCIAL PARA LA SEGURIDAD - Fleximat\",\"isPartOf\":{\"@id\":\"https:\/\/www.fleximat.es\/bn\/#website\"},\"datePublished\":\"2021-06-21T10:21:39+00:00\",\"dateModified\":\"2023-11-08T09:57:41+00:00\",\"breadcrumb\":{\"@id\":\"https:\/\/www.fleximat.es\/las-punteras-de-aislamiento-son-un-elemento-esencial-para-la-seguridad\/#breadcrumb\"},\"inLanguage\":\"zh-Hans\",\"potentialAction\":[{\"@type\":\"ReadAction\",\"target\":[\"https:\/\/www.fleximat.es\/las-punteras-de-aislamiento-son-un-elemento-esencial-para-la-seguridad\/\"]}]},{\"@type\":\"BreadcrumbList\",\"@id\":\"https:\/\/www.fleximat.es\/las-punteras-de-aislamiento-son-un-elemento-esencial-para-la-seguridad\/#breadcrumb\",\"itemListElement\":[{\"@type\":\"ListItem\",\"position\":1,\"name\":\"Portada\",\"item\":\"https:\/\/www.fleximat.es\/\"},{\"@type\":\"ListItem\",\"position\":2,\"name\":\"LAS PUNTERAS DE AISLAMIENTO SON UN ELEMENTO ESENCIAL PARA LA SEGURIDAD\"}]},{\"@type\":\"WebSite\",\"@id\":\"https:\/\/www.fleximat.es\/bn\/#website\",\"url\":\"https:\/\/www.fleximat.es\/bn\/\",\"name\":\"Fleximat\",\"description\":\"Tu soluci\u00f3n en prensaestopas y tubos flexibles\",\"publisher\":{\"@id\":\"https:\/\/www.fleximat.es\/bn\/#organization\"},\"potentialAction\":[{\"@type\":\"SearchAction\",\"target\":{\"@type\":\"EntryPoint\",\"urlTemplate\":\"https:\/\/www.fleximat.es\/bn\/?s={search_term_string}\"},\"query-input\":\"required name=search_term_string\"}],\"inLanguage\":\"zh-Hans\"},{\"@type\":\"Organization\",\"@id\":\"https:\/\/www.fleximat.es\/bn\/#organization\",\"name\":\"Fleximat\",\"url\":\"https:\/\/www.fleximat.es\/bn\/\",\"logo\":{\"@type\":\"ImageObject\",\"inLanguage\":\"zh-Hans\",\"@id\":\"https:\/\/www.fleximat.es\/bn\/#\/schema\/logo\/image\/\",\"url\":\"https:\/\/www.fleximat.es\/wp-content\/uploads\/2023\/11\/fleximat-logo-1.png\",\"contentUrl\":\"https:\/\/www.fleximat.es\/wp-content\/uploads\/2023\/11\/fleximat-logo-1.png\",\"width\":1169,\"height\":289,\"caption\":\"Fleximat\"},\"image\":{\"@id\":\"https:\/\/www.fleximat.es\/bn\/#\/schema\/logo\/image\/\"}},{\"@type\":\"Person\",\"@id\":\"https:\/\/www.fleximat.es\/bn\/#\/schema\/person\/de8b4c68896d4a526be5f06f687775b7\",\"name\":\"eloi\",\"sameAs\":[\"https:\/\/www.fleximat.es\"],\"url\":\"https:\/\/www.fleximat.es\/zh\/author\/eloi\/\"}]}<\/script>\n<!-- \/ Yoast SEO plugin. -->","yoast_head_json":{"title":"LAS PUNTERAS DE AISLAMIENTO SON UN ELEMENTO ESENCIAL PARA LA SEGURIDAD - Fleximat","robots":{"index":"index","follow":"follow","max-snippet":"max-snippet:-1","max-image-preview":"max-image-preview:large","max-video-preview":"max-video-preview:-1"},"canonical":"https:\/\/www.fleximat.es\/zh\/las-punteras-de-aislamiento-son-un-elemento-esencial-para-la-seguridad\/","og_locale":"zh_CN","og_type":"article","og_title":"LAS PUNTERAS DE AISLAMIENTO SON UN ELEMENTO ESENCIAL PARA LA SEGURIDAD - Fleximat","og_description":"Las punteras de protecci\u00f3n aisladas ayudan a prevenir riesgos en un entorno de instalaci\u00f3n el\u00e9ctrico Las instalaciones el\u00e9ctricas se han...","og_url":"https:\/\/www.fleximat.es\/zh\/las-punteras-de-aislamiento-son-un-elemento-esencial-para-la-seguridad\/","og_site_name":"Fleximat","article_published_time":"2021-06-21T10:21:39+00:00","article_modified_time":"2023-11-08T09:57:41+00:00","og_image":[{"width":960,"height":736,"url":"https:\/\/www.fleximat.es\/wp-content\/uploads\/2023\/10\/puntera-aislada-din-462284-transformed.png","type":"image\/png"}],"author":"eloi","twitter_card":"summary_large_image","twitter_misc":{"\u4f5c\u8005":"eloi","\u9884\u8ba1\u9605\u8bfb\u65f6\u95f4":"2 \u5206"},"schema":{"@context":"https:\/\/schema.org","@graph":[{"@type":"Article","@id":"https:\/\/www.fleximat.es\/las-punteras-de-aislamiento-son-un-elemento-esencial-para-la-seguridad\/#article","isPartOf":{"@id":"https:\/\/www.fleximat.es\/las-punteras-de-aislamiento-son-un-elemento-esencial-para-la-seguridad\/"},"author":{"name":"eloi","@id":"https:\/\/www.fleximat.es\/bn\/#\/schema\/person\/de8b4c68896d4a526be5f06f687775b7"},"headline":"LAS PUNTERAS DE AISLAMIENTO SON UN ELEMENTO ESENCIAL PARA LA SEGURIDAD","datePublished":"2021-06-21T10:21:39+00:00","dateModified":"2023-11-08T09:57:41+00:00","mainEntityOfPage":{"@id":"https:\/\/www.fleximat.es\/las-punteras-de-aislamiento-son-un-elemento-esencial-para-la-seguridad\/"},"wordCount":508,"commentCount":0,"publisher":{"@id":"https:\/\/www.fleximat.es\/bn\/#organization"},"keywords":["punteras de aislamiento"],"articleSection":["Protecci\u00f3n de cableados"],"inLanguage":"zh-Hans","potentialAction":[{"@type":"CommentAction","name":"Comment","target":["https:\/\/www.fleximat.es\/las-punteras-de-aislamiento-son-un-elemento-esencial-para-la-seguridad\/#respond"]}]},{"@type":"WebPage","@id":"https:\/\/www.fleximat.es\/las-punteras-de-aislamiento-son-un-elemento-esencial-para-la-seguridad\/","url":"https:\/\/www.fleximat.es\/las-punteras-de-aislamiento-son-un-elemento-esencial-para-la-seguridad\/","name":"LAS PUNTERAS DE AISLAMIENTO SON UN ELEMENTO ESENCIAL PARA LA SEGURIDAD - Fleximat","isPartOf":{"@id":"https:\/\/www.fleximat.es\/bn\/#website"},"datePublished":"2021-06-21T10:21:39+00:00","dateModified":"2023-11-08T09:57:41+00:00","breadcrumb":{"@id":"https:\/\/www.fleximat.es\/las-punteras-de-aislamiento-son-un-elemento-esencial-para-la-seguridad\/#breadcrumb"},"inLanguage":"zh-Hans","potentialAction":[{"@type":"ReadAction","target":["https:\/\/www.fleximat.es\/las-punteras-de-aislamiento-son-un-elemento-esencial-para-la-seguridad\/"]}]},{"@type":"BreadcrumbList","@id":"https:\/\/www.fleximat.es\/las-punteras-de-aislamiento-son-un-elemento-esencial-para-la-seguridad\/#breadcrumb","itemListElement":[{"@type":"ListItem","position":1,"name":"Portada","item":"https:\/\/www.fleximat.es\/"},{"@type":"ListItem","position":2,"name":"LAS PUNTERAS DE AISLAMIENTO SON UN ELEMENTO ESENCIAL PARA LA SEGURIDAD"}]},{"@type":"WebSite","@id":"https:\/\/www.fleximat.es\/bn\/#website","url":"https:\/\/www.fleximat.es\/bn\/","name":"Fleximat","description":"Tu soluci\u00f3n en prensaestopas y tubos flexibles","publisher":{"@id":"https:\/\/www.fleximat.es\/bn\/#organization"},"potentialAction":[{"@type":"SearchAction","target":{"@type":"EntryPoint","urlTemplate":"https:\/\/www.fleximat.es\/bn\/?s={search_term_string}"},"query-input":"required name=search_term_string"}],"inLanguage":"zh-Hans"},{"@type":"Organization","@id":"https:\/\/www.fleximat.es\/bn\/#organization","name":"Fleximat","url":"https:\/\/www.fleximat.es\/bn\/","logo":{"@type":"ImageObject","inLanguage":"zh-Hans","@id":"https:\/\/www.fleximat.es\/bn\/#\/schema\/logo\/image\/","url":"https:\/\/www.fleximat.es\/wp-content\/uploads\/2023\/11\/fleximat-logo-1.png","contentUrl":"https:\/\/www.fleximat.es\/wp-content\/uploads\/2023\/11\/fleximat-logo-1.png","width":1169,"height":289,"caption":"Fleximat"},"image":{"@id":"https:\/\/www.fleximat.es\/bn\/#\/schema\/logo\/image\/"}},{"@type":"Person","@id":"https:\/\/www.fleximat.es\/bn\/#\/schema\/person\/de8b4c68896d4a526be5f06f687775b7","name":"eloi","sameAs":["https:\/\/www.fleximat.es"],"url":"https:\/\/www.fleximat.es\/zh\/author\/eloi\/"}]}},"taxonomy_info":{"category":[{"value":102,"label":"Protecci\u00f3n de cableados"}],"post_tag":[{"value":103,"label":"punteras de aislamiento"}]},"featured_image_src_large":["https:\/\/www.fleximat.es\/wp-content\/uploads\/2023\/10\/puntera-aislada-din-462284-transformed.png",960,736,false],"author_info":{"display_name":"eloi","author_link":"https:\/\/www.fleximat.es\/zh\/author\/eloi\/"},"comment_info":0,"category_info":[{"term_id":102,"name":"Protecci\u00f3n de cableados","slug":"proteccion-de-cableados","term_group":0,"term_taxonomy_id":102,"taxonomy":"category","description":"","parent":0,"count":14,"filter":"raw","term_order":"0","cat_ID":102,"category_count":14,"category_description":"","cat_name":"Protecci\u00f3n de cableados","category_nicename":"proteccion-de-cableados","category_parent":0}],"tag_info":[{"term_id":103,"name":"punteras de aislamiento","slug":"punteras-de-aislamiento","term_group":0,"term_taxonomy_id":103,"taxonomy":"post_tag","description":"","parent":0,"count":1,"filter":"raw","term_order":"0"}],"_links":{"self":[{"href":"https:\/\/www.fleximat.es\/zh\/wp-json\/wp\/v2\/posts\/69"}],"collection":[{"href":"https:\/\/www.fleximat.es\/zh\/wp-json\/wp\/v2\/posts"}],"about":[{"href":"https:\/\/www.fleximat.es\/zh\/wp-json\/wp\/v2\/types\/post"}],"author":[{"embeddable":true,"href":"https:\/\/www.fleximat.es\/zh\/wp-json\/wp\/v2\/users\/1"}],"replies":[{"embeddable":true,"href":"https:\/\/www.fleximat.es\/zh\/wp-json\/wp\/v2\/comments?post=69"}],"version-history":[{"count":0,"href":"https:\/\/www.fleximat.es\/zh\/wp-json\/wp\/v2\/posts\/69\/revisions"}],"wp:featuredmedia":[{"embeddable":true,"href":"https:\/\/www.fleximat.es\/zh\/wp-json\/wp\/v2\/media\/2093"}],"wp:attachment":[{"href":"https:\/\/www.fleximat.es\/zh\/wp-json\/wp\/v2\/media?parent=69"}],"wp:term":[{"taxonomy":"category","embeddable":true,"href":"https:\/\/www.fleximat.es\/zh\/wp-json\/wp\/v2\/categories?post=69"},{"taxonomy":"post_tag","embeddable":true,"href":"https:\/\/www.fleximat.es\/zh\/wp-json\/wp\/v2\/tags?post=69"}],"curies":[{"name":"wp","href":"https:\/\/api.w.org\/{rel}","templated":true}]}}