{"id":74,"date":"2021-06-28T11:35:03","date_gmt":"2021-06-28T11:35:03","guid":{"rendered":"https:\/\/www.fleximat.es\/blog\/?p=74"},"modified":"2021-06-28T11:35:03","modified_gmt":"2021-06-28T11:35:03","slug":"como-proteger-cables-electricos-correctamente-una-preocupacion-necesaria","status":"publish","type":"post","link":"https:\/\/www.fleximat.es\/zh\/como-proteger-cables-electricos-correctamente-una-preocupacion-necesaria\/","title":{"rendered":"\u5982\u4f55\u6b63\u786e\u4fdd\u62a4\u7535\u7f06\uff0c\u4e00\u4e2a\u5fc5\u987b\u5173\u5fc3\u7684\u95ee\u9898"},"content":{"rendered":"<h1 align=\"center\"><span style=\"font-family: Times New Roman, serif;\"><span style=\"font-size: x-large;\"><b>\u63a5\u7ebf\u7cfb\u7edf\u7684\u4fdd\u62a4\u662f\u7535\u6c14\u88c5\u7f6e\u5b89\u5168\u7684\u4e00\u4e2a\u5173\u952e\u65b9\u9762<\/b><\/span><\/span><\/h1>\n<p align=\"justify\"><span style=\"font-family: Times New Roman, serif;\"><span style=\"font-size: x-large;\">\u4eba\u7c7b\u5728\u6574\u4e2a\u5386\u53f2\u4e2d\u4ee5\u4ee4\u4eba\u60ca\u8bb6\u7684\u65b9\u5f0f\u8fdb\u5316\uff0c\u8fd9\u79cd\u8fdb\u5316\u7684\u7279\u5f81\u548c\u6709\u5229\u56e0\u7d20\u4e4b\u4e00\u65e0\u7591\u662f\u4eba\u7c7b\u5f00\u53d1\u65b0\u5de5\u5177\u548c\u6280\u672f\u7684\u80fd\u529b\uff0c\u4f7f\u4ed6\u4eec\u80fd\u591f\u5411\u524d\u8fc8\u51fa\u4e00\u6b65\uff0c\u5e76\u5c06\u81ea\u5df1\u5b9a\u4f4d\u4e8e\u6700\u9ad8\u6c34\u5e73\u3002\u4e0e\u5176\u4ed6\u7269\u79cd\u548c\u63a0\u98df\u8005\u76f8\u6bd4\uff0c\u5904\u4e8e\u9636\u68af\u4e0a\u3002<\/span><\/span><\/p>\n<p align=\"justify\"><span style=\"font-family: Times New Roman, serif;\"><span style=\"font-size: x-large;\">\u5c3d\u7ba1\u4e00\u5f00\u59cb\u8fd9\u573a\u6280\u672f\u7ade\u8d5b\u4e3b\u8981\u96c6\u4e2d\u5728\u519c\u4e1a\u548c\u72e9\u730e\u7b49\u6700\u76f4\u63a5\u91cd\u8981\u7684\u90e8\u95e8\uff0c\u4f46\u5f88\u5feb\u4eba\u4eec\u5c31\u6e05\u695a\u5730\u8ba4\u8bc6\u5230\uff0c\u5927\u578b\u793e\u4f1a\u7684\u7ec4\u7ec7\u9700\u8981\u53e6\u4e00\u79cd\u7c7b\u578b\u7684\u4ea7\u54c1\uff0c\u91cd\u5546\u4e3b\u4e49\u5f00\u59cb\u8d62\u5f97\u8fd9\u79cd\u4ea7\u54c1\u7684\u6b22\u8fce\u548c\u91cd\u8981\u6027\u3002<\/span><\/span><\/p>\n<p align=\"justify\"><span style=\"font-family: Times New Roman, serif;\"><span style=\"font-size: x-large;\">\u968f\u7740\u57ce\u5e02\u7684\u5927\u89c4\u6a21\u5de5\u4e1a\u5316\u548c\u7164\u70ad\u7b49\u751f\u4ea7\u8d44\u6e90\u7684\u53d1\u73b0\uff0c\u7279\u522b\u662f\u540e\u6765\u5728\u4e16\u754c\u5404\u5730\u7684\u5de5\u5382\u548c\u5de5\u4e1a\u4e2d\u5f15\u5165\u7535\u529b\uff0c\u8fd9\u4e9b\u56e0\u7d20\u53d1\u751f\u4e86\u51b3\u5b9a\u6027\u7684\u6307\u6570\u7ea7\u98de\u8dc3\u3002<\/span><\/span><\/p>\n<p align=\"justify\"><span style=\"font-family: Times New Roman, serif;\"><span style=\"font-size: x-large;\">\u4ece\u90a3\u65f6\u8d77\uff0c\u53d1\u5c55\u7a81\u98de\u731b\u8fdb\uff0c\u5e26\u6765\u4e86\u4ee4\u4eba\u96be\u4ee5\u7f6e\u4fe1\u7684\u751f\u4ea7\u6210\u679c\uff0c\u4f46\u4ece\u903b\u8f91\u4e0a\u8bb2\uff0c\u4fdd\u8bc1\u8fd9\u4e9b\u751f\u4ea7\u7cfb\u7edf\u5b89\u5168\u6027\u7684\u9700\u6c42\u4e5f\u8d8a\u6765\u8d8a\u5927\u3002<\/span><\/span><\/p>\n<p align=\"justify\"><span style=\"font-family: Times New Roman, serif;\"><span style=\"font-size: x-large;\">\u5927\u591a\u6570\u73b0\u4ee3\u4fdd\u62a4\u7cfb\u7edf\u7684\u5173\u952e\u8981\u7d20\u4e4b\u4e00\u662f\u63a5\u7ebf\uff0c\u5b58\u5728\u4e8e\u6240\u6709\u7c7b\u578b\u7684\u76d2\u5b50\u548c\u7535\u6c14\u88c5\u7f6e\u4e2d\uff0c\u56e0\u6b64\u5176\u91cd\u8981\u6027\u51b3\u5b9a\u4e86\u5b83\u4eec\u7684\u5b89\u5168\u6027\uff0c\u6216 <b><a href=\"https:\/\/www.fleximat.es\/zh\/\">\u5982\u4f55\u4fdd\u62a4\u7535\u7f06<\/a>, <\/b>\u4eab\u6709\u771f\u6b63\u663e\u7740\u7684\u7a81\u51fa\u5730\u4f4d\u3002<\/span><\/span><\/p>\n<p align=\"justify\"><span style=\"font-family: Times New Roman, serif;\"><span style=\"font-size: x-large;\">\u5e03\u7ebf\u7684\u4fdd\u62a4\u4e0d\u4ec5\u662f\u4fdd\u8bc1\u5de5\u4eba\u548c\u8bbe\u5907\u672c\u8eab\u5b89\u5168\u7684\u5173\u952e\uff0c\u800c\u4e14\u4e5f\u662f\u907f\u514d\u6545\u969c\u7684\u5173\u952e\uff0c\u56e0\u6b64\u4e5f\u662f\u907f\u514d\u4f9d\u8d56\u4e8e\u8bbe\u5907\u7684\u4e0d\u540c\u516c\u7528\u4e8b\u4e1a\u7684\u6574\u4e2a\u751f\u4ea7\u6216\u529f\u80fd\u7684\u5173\u952e\u3002<\/span><\/span><\/p>\n<p align=\"justify\"><span style=\"font-family: Times New Roman, serif;\"><span style=\"font-size: x-large;\">\u6c34\u548c\u7070\u5c18\u662f\u4e3b\u8981\u7684\u5916\u90e8\u56e0\u7d20\uff0c\u53ef\u80fd\u4f1a\u635f\u5bb3\u7535\u6c14\u88c5\u7f6e\u53ca\u5176\u63a5\u7ebf\u7684\u6b63\u786e\u548c\u6b63\u5e38\u529f\u80fd\uff0c\u56e0\u6b64\uff0c\u5f53\u6211\u4eec\u8003\u8651 <b>\u5982\u4f55\u4fdd\u62a4\u7535\u7f06\uff0c <\/b>\u6211\u4eec\u5fc5\u987b\u4f18\u5148\u4fdd\u8bc1\u5176\u4e25\u5bc6\u6027\u3002<\/span><\/span><\/p>\n<p align=\"justify\"><span style=\"font-family: Times New Roman, serif;\"><span style=\"font-size: x-large;\">\u9664\u4e86\u8003\u8651\u4e4b\u5916\uff0c\u8fd8\u6709\u4e00\u4e2a\u65b9\u9762\u9700\u8981\u8003\u8651 <b>\u5982\u4f55\u4fdd\u62a4\u7535\u7f06 <\/b>\u5176\u672c\u8eab\u4e5f\u662f\u4e3a\u4e86\u4fdd\u62a4\u8d1f\u8d23\u642c\u8fd0\u7684\u4eba\u5458\u514d\u53d7\u8fd9\u9879\u4efb\u52a1\u53ef\u80fd\u4ea7\u751f\u7684\u89e6\u7535\u98ce\u9669\u3002\u56e0\u6b64\uff0c\u6b63\u786e\u7684\u4fdd\u62a4\u9700\u8981\u4e3a\u7535\u7f06\u63d0\u4f9b\u771f\u6b63\u7684\u7edd\u7f18\u6d82\u5c42\u3002<\/span><\/span><\/p>\n<p align=\"justify\"><span style=\"font-family: Times New Roman, serif;\"><span style=\"font-size: x-large;\">\u8d1f\u8d23\u9ad8\u5ea6\u590d\u6742\u7684\u7535\u6c14\u88c5\u7f6e\u7684\u4e0d\u540c\u516c\u53f8\u5728\u5173\u5fc3 <b>\u5982\u4f55\u4fdd\u62a4\u7535\u7f06 <\/b>\u6b63\u786e\u5730\uff0c\u6700\u5927\u9650\u5ea6\u5730\u63d0\u9ad8\u5176\u6548\u7387\uff0c\u5e76\u907f\u514d\u5bf9\u5b89\u88c5\u672c\u8eab\u4ee5\u53ca\u8d1f\u8d23\u5176\u7ef4\u62a4\u548c\u64cd\u4f5c\u7684\u4eba\u5458\u627f\u62c5\u4e0d\u5fc5\u8981\u7684\u98ce\u9669\u3002<\/span><\/span><\/p>","protected":false},"excerpt":{"rendered":"<p>\u5e03\u7ebf\u7cfb\u7edf\u7684\u4fdd\u62a4\u662f\u7535\u6c14\u88c5\u7f6e\u5b89\u5168\u7684\u4e00\u4e2a\u5173\u952e\u65b9\u9762\u3002\u4eba\u6027\u2026\u2026<\/p>","protected":false},"author":1,"featured_media":75,"comment_status":"open","ping_status":"open","sticky":false,"template":"","format":"standard","meta":{"_kad_blocks_custom_css":"","_kad_blocks_head_custom_js":"","_kad_blocks_body_custom_js":"","_kad_blocks_footer_custom_js":"","_kadence_starter_templates_imported_post":false,"_kad_post_transparent":"","_kad_post_title":"","_kad_post_layout":"","_kad_post_sidebar_id":"","_kad_post_content_style":"","_kad_post_vertical_padding":"","_kad_post_feature":"","_kad_post_feature_position":"","_kad_post_header":false,"_kad_post_footer":false,"footnotes":""},"categories":[102],"tags":[104],"class_list":["post-74","post","type-post","status-publish","format-standard","has-post-thumbnail","hentry","category-proteccion-de-cableados","tag-proteccion-de-cableados"],"yoast_head":"<!-- This site is optimized with the Yoast SEO plugin v21.7 - https:\/\/yoast.com\/wordpress\/plugins\/seo\/ -->\n<title>C\u00d3MO PROTEGER CABLES EL\u00c9CTRICOS CORRECTAMENTE, UNA PREOCUPACI\u00d3N NECESARIA - Fleximat<\/title>\n<meta name=\"robots\" content=\"index, follow, max-snippet:-1, max-image-preview:large, max-video-preview:-1\" \/>\n<link rel=\"canonical\" href=\"https:\/\/www.fleximat.es\/zh\/como-proteger-cables-electricos-correctamente-una-preocupacion-necesaria\/\" \/>\n<meta property=\"og:locale\" content=\"zh_CN\" \/>\n<meta property=\"og:type\" content=\"article\" \/>\n<meta property=\"og:title\" content=\"C\u00d3MO PROTEGER CABLES EL\u00c9CTRICOS CORRECTAMENTE, UNA PREOCUPACI\u00d3N NECESARIA - Fleximat\" \/>\n<meta property=\"og:description\" content=\"La protecci\u00f3n de los sistemas de cableado es un aspecto clave de la seguridad en las instalaciones el\u00e9ctricas La humanidad...\" \/>\n<meta property=\"og:url\" content=\"https:\/\/www.fleximat.es\/zh\/como-proteger-cables-electricos-correctamente-una-preocupacion-necesaria\/\" \/>\n<meta property=\"og:site_name\" content=\"Fleximat\" \/>\n<meta property=\"article:published_time\" content=\"2021-06-28T11:35:03+00:00\" \/>\n<meta property=\"og:image\" content=\"https:\/\/www.fleximat.es\/wp-content\/uploads\/2021\/06\/electric-4198293_640.jpg\" \/>\n\t<meta property=\"og:image:width\" content=\"640\" \/>\n\t<meta property=\"og:image:height\" content=\"426\" \/>\n\t<meta property=\"og:image:type\" content=\"image\/jpeg\" \/>\n<meta name=\"author\" content=\"eloi\" \/>\n<meta name=\"twitter:card\" content=\"summary_large_image\" \/>\n<meta name=\"twitter:label1\" content=\"\u4f5c\u8005\" \/>\n\t<meta name=\"twitter:data1\" content=\"eloi\" \/>\n\t<meta name=\"twitter:label2\" content=\"\u9884\u8ba1\u9605\u8bfb\u65f6\u95f4\" \/>\n\t<meta name=\"twitter:data2\" content=\"2 \u5206\" \/>\n<script type=\"application\/ld+json\" class=\"yoast-schema-graph\">{\"@context\":\"https:\/\/schema.org\",\"@graph\":[{\"@type\":\"Article\",\"@id\":\"https:\/\/www.fleximat.es\/como-proteger-cables-electricos-correctamente-una-preocupacion-necesaria\/#article\",\"isPartOf\":{\"@id\":\"https:\/\/www.fleximat.es\/como-proteger-cables-electricos-correctamente-una-preocupacion-necesaria\/\"},\"author\":{\"name\":\"eloi\",\"@id\":\"https:\/\/www.fleximat.es\/bn\/#\/schema\/person\/de8b4c68896d4a526be5f06f687775b7\"},\"headline\":\"C\u00d3MO PROTEGER CABLES EL\u00c9CTRICOS CORRECTAMENTE, UNA PREOCUPACI\u00d3N NECESARIA\",\"datePublished\":\"2021-06-28T11:35:03+00:00\",\"dateModified\":\"2021-06-28T11:35:03+00:00\",\"mainEntityOfPage\":{\"@id\":\"https:\/\/www.fleximat.es\/como-proteger-cables-electricos-correctamente-una-preocupacion-necesaria\/\"},\"wordCount\":504,\"commentCount\":0,\"publisher\":{\"@id\":\"https:\/\/www.fleximat.es\/bn\/#organization\"},\"keywords\":[\"protecci\u00f3n de cableados\"],\"articleSection\":[\"Protecci\u00f3n de cableados\"],\"inLanguage\":\"zh-Hans\",\"potentialAction\":[{\"@type\":\"CommentAction\",\"name\":\"Comment\",\"target\":[\"https:\/\/www.fleximat.es\/como-proteger-cables-electricos-correctamente-una-preocupacion-necesaria\/#respond\"]}]},{\"@type\":\"WebPage\",\"@id\":\"https:\/\/www.fleximat.es\/como-proteger-cables-electricos-correctamente-una-preocupacion-necesaria\/\",\"url\":\"https:\/\/www.fleximat.es\/como-proteger-cables-electricos-correctamente-una-preocupacion-necesaria\/\",\"name\":\"C\u00d3MO PROTEGER CABLES EL\u00c9CTRICOS CORRECTAMENTE, UNA PREOCUPACI\u00d3N NECESARIA - Fleximat\",\"isPartOf\":{\"@id\":\"https:\/\/www.fleximat.es\/bn\/#website\"},\"datePublished\":\"2021-06-28T11:35:03+00:00\",\"dateModified\":\"2021-06-28T11:35:03+00:00\",\"breadcrumb\":{\"@id\":\"https:\/\/www.fleximat.es\/como-proteger-cables-electricos-correctamente-una-preocupacion-necesaria\/#breadcrumb\"},\"inLanguage\":\"zh-Hans\",\"potentialAction\":[{\"@type\":\"ReadAction\",\"target\":[\"https:\/\/www.fleximat.es\/como-proteger-cables-electricos-correctamente-una-preocupacion-necesaria\/\"]}]},{\"@type\":\"BreadcrumbList\",\"@id\":\"https:\/\/www.fleximat.es\/como-proteger-cables-electricos-correctamente-una-preocupacion-necesaria\/#breadcrumb\",\"itemListElement\":[{\"@type\":\"ListItem\",\"position\":1,\"name\":\"Portada\",\"item\":\"https:\/\/www.fleximat.es\/\"},{\"@type\":\"ListItem\",\"position\":2,\"name\":\"C\u00d3MO PROTEGER CABLES EL\u00c9CTRICOS CORRECTAMENTE, UNA PREOCUPACI\u00d3N NECESARIA\"}]},{\"@type\":\"WebSite\",\"@id\":\"https:\/\/www.fleximat.es\/bn\/#website\",\"url\":\"https:\/\/www.fleximat.es\/bn\/\",\"name\":\"Fleximat\",\"description\":\"Tu soluci\u00f3n en prensaestopas y tubos flexibles\",\"publisher\":{\"@id\":\"https:\/\/www.fleximat.es\/bn\/#organization\"},\"potentialAction\":[{\"@type\":\"SearchAction\",\"target\":{\"@type\":\"EntryPoint\",\"urlTemplate\":\"https:\/\/www.fleximat.es\/bn\/?s={search_term_string}\"},\"query-input\":\"required name=search_term_string\"}],\"inLanguage\":\"zh-Hans\"},{\"@type\":\"Organization\",\"@id\":\"https:\/\/www.fleximat.es\/bn\/#organization\",\"name\":\"Fleximat\",\"url\":\"https:\/\/www.fleximat.es\/bn\/\",\"logo\":{\"@type\":\"ImageObject\",\"inLanguage\":\"zh-Hans\",\"@id\":\"https:\/\/www.fleximat.es\/bn\/#\/schema\/logo\/image\/\",\"url\":\"https:\/\/www.fleximat.es\/wp-content\/uploads\/2023\/11\/fleximat-logo-1.png\",\"contentUrl\":\"https:\/\/www.fleximat.es\/wp-content\/uploads\/2023\/11\/fleximat-logo-1.png\",\"width\":1169,\"height\":289,\"caption\":\"Fleximat\"},\"image\":{\"@id\":\"https:\/\/www.fleximat.es\/bn\/#\/schema\/logo\/image\/\"}},{\"@type\":\"Person\",\"@id\":\"https:\/\/www.fleximat.es\/bn\/#\/schema\/person\/de8b4c68896d4a526be5f06f687775b7\",\"name\":\"eloi\",\"sameAs\":[\"https:\/\/www.fleximat.es\"],\"url\":\"https:\/\/www.fleximat.es\/zh\/author\/eloi\/\"}]}<\/script>\n<!-- \/ Yoast SEO plugin. -->","yoast_head_json":{"title":"C\u00d3MO PROTEGER CABLES EL\u00c9CTRICOS CORRECTAMENTE, UNA PREOCUPACI\u00d3N NECESARIA - Fleximat","robots":{"index":"index","follow":"follow","max-snippet":"max-snippet:-1","max-image-preview":"max-image-preview:large","max-video-preview":"max-video-preview:-1"},"canonical":"https:\/\/www.fleximat.es\/zh\/como-proteger-cables-electricos-correctamente-una-preocupacion-necesaria\/","og_locale":"zh_CN","og_type":"article","og_title":"C\u00d3MO PROTEGER CABLES EL\u00c9CTRICOS CORRECTAMENTE, UNA PREOCUPACI\u00d3N NECESARIA - Fleximat","og_description":"La protecci\u00f3n de los sistemas de cableado es un aspecto clave de la seguridad en las instalaciones el\u00e9ctricas La humanidad...","og_url":"https:\/\/www.fleximat.es\/zh\/como-proteger-cables-electricos-correctamente-una-preocupacion-necesaria\/","og_site_name":"Fleximat","article_published_time":"2021-06-28T11:35:03+00:00","og_image":[{"width":640,"height":426,"url":"https:\/\/www.fleximat.es\/wp-content\/uploads\/2021\/06\/electric-4198293_640.jpg","type":"image\/jpeg"}],"author":"eloi","twitter_card":"summary_large_image","twitter_misc":{"\u4f5c\u8005":"eloi","\u9884\u8ba1\u9605\u8bfb\u65f6\u95f4":"2 \u5206"},"schema":{"@context":"https:\/\/schema.org","@graph":[{"@type":"Article","@id":"https:\/\/www.fleximat.es\/como-proteger-cables-electricos-correctamente-una-preocupacion-necesaria\/#article","isPartOf":{"@id":"https:\/\/www.fleximat.es\/como-proteger-cables-electricos-correctamente-una-preocupacion-necesaria\/"},"author":{"name":"eloi","@id":"https:\/\/www.fleximat.es\/bn\/#\/schema\/person\/de8b4c68896d4a526be5f06f687775b7"},"headline":"C\u00d3MO PROTEGER CABLES EL\u00c9CTRICOS CORRECTAMENTE, UNA PREOCUPACI\u00d3N NECESARIA","datePublished":"2021-06-28T11:35:03+00:00","dateModified":"2021-06-28T11:35:03+00:00","mainEntityOfPage":{"@id":"https:\/\/www.fleximat.es\/como-proteger-cables-electricos-correctamente-una-preocupacion-necesaria\/"},"wordCount":504,"commentCount":0,"publisher":{"@id":"https:\/\/www.fleximat.es\/bn\/#organization"},"keywords":["protecci\u00f3n de cableados"],"articleSection":["Protecci\u00f3n de cableados"],"inLanguage":"zh-Hans","potentialAction":[{"@type":"CommentAction","name":"Comment","target":["https:\/\/www.fleximat.es\/como-proteger-cables-electricos-correctamente-una-preocupacion-necesaria\/#respond"]}]},{"@type":"WebPage","@id":"https:\/\/www.fleximat.es\/como-proteger-cables-electricos-correctamente-una-preocupacion-necesaria\/","url":"https:\/\/www.fleximat.es\/como-proteger-cables-electricos-correctamente-una-preocupacion-necesaria\/","name":"C\u00d3MO PROTEGER CABLES EL\u00c9CTRICOS CORRECTAMENTE, UNA PREOCUPACI\u00d3N NECESARIA - Fleximat","isPartOf":{"@id":"https:\/\/www.fleximat.es\/bn\/#website"},"datePublished":"2021-06-28T11:35:03+00:00","dateModified":"2021-06-28T11:35:03+00:00","breadcrumb":{"@id":"https:\/\/www.fleximat.es\/como-proteger-cables-electricos-correctamente-una-preocupacion-necesaria\/#breadcrumb"},"inLanguage":"zh-Hans","potentialAction":[{"@type":"ReadAction","target":["https:\/\/www.fleximat.es\/como-proteger-cables-electricos-correctamente-una-preocupacion-necesaria\/"]}]},{"@type":"BreadcrumbList","@id":"https:\/\/www.fleximat.es\/como-proteger-cables-electricos-correctamente-una-preocupacion-necesaria\/#breadcrumb","itemListElement":[{"@type":"ListItem","position":1,"name":"Portada","item":"https:\/\/www.fleximat.es\/"},{"@type":"ListItem","position":2,"name":"C\u00d3MO PROTEGER CABLES EL\u00c9CTRICOS CORRECTAMENTE, UNA PREOCUPACI\u00d3N NECESARIA"}]},{"@type":"WebSite","@id":"https:\/\/www.fleximat.es\/bn\/#website","url":"https:\/\/www.fleximat.es\/bn\/","name":"Fleximat","description":"Tu soluci\u00f3n en prensaestopas y tubos flexibles","publisher":{"@id":"https:\/\/www.fleximat.es\/bn\/#organization"},"potentialAction":[{"@type":"SearchAction","target":{"@type":"EntryPoint","urlTemplate":"https:\/\/www.fleximat.es\/bn\/?s={search_term_string}"},"query-input":"required name=search_term_string"}],"inLanguage":"zh-Hans"},{"@type":"Organization","@id":"https:\/\/www.fleximat.es\/bn\/#organization","name":"Fleximat","url":"https:\/\/www.fleximat.es\/bn\/","logo":{"@type":"ImageObject","inLanguage":"zh-Hans","@id":"https:\/\/www.fleximat.es\/bn\/#\/schema\/logo\/image\/","url":"https:\/\/www.fleximat.es\/wp-content\/uploads\/2023\/11\/fleximat-logo-1.png","contentUrl":"https:\/\/www.fleximat.es\/wp-content\/uploads\/2023\/11\/fleximat-logo-1.png","width":1169,"height":289,"caption":"Fleximat"},"image":{"@id":"https:\/\/www.fleximat.es\/bn\/#\/schema\/logo\/image\/"}},{"@type":"Person","@id":"https:\/\/www.fleximat.es\/bn\/#\/schema\/person\/de8b4c68896d4a526be5f06f687775b7","name":"eloi","sameAs":["https:\/\/www.fleximat.es"],"url":"https:\/\/www.fleximat.es\/zh\/author\/eloi\/"}]}},"taxonomy_info":{"category":[{"value":102,"label":"Protecci\u00f3n de cableados"}],"post_tag":[{"value":104,"label":"protecci\u00f3n de cableados"}]},"featured_image_src_large":["https:\/\/www.fleximat.es\/wp-content\/uploads\/2021\/06\/electric-4198293_640.jpg",640,426,false],"author_info":{"display_name":"eloi","author_link":"https:\/\/www.fleximat.es\/zh\/author\/eloi\/"},"comment_info":0,"category_info":[{"term_id":102,"name":"Protecci\u00f3n de cableados","slug":"proteccion-de-cableados","term_group":0,"term_taxonomy_id":102,"taxonomy":"category","description":"","parent":0,"count":14,"filter":"raw","term_order":"0","cat_ID":102,"category_count":14,"category_description":"","cat_name":"Protecci\u00f3n de cableados","category_nicename":"proteccion-de-cableados","category_parent":0}],"tag_info":[{"term_id":104,"name":"protecci\u00f3n de cableados","slug":"proteccion-de-cableados","term_group":0,"term_taxonomy_id":104,"taxonomy":"post_tag","description":"","parent":0,"count":2,"filter":"raw","term_order":"0"}],"_links":{"self":[{"href":"https:\/\/www.fleximat.es\/zh\/wp-json\/wp\/v2\/posts\/74"}],"collection":[{"href":"https:\/\/www.fleximat.es\/zh\/wp-json\/wp\/v2\/posts"}],"about":[{"href":"https:\/\/www.fleximat.es\/zh\/wp-json\/wp\/v2\/types\/post"}],"author":[{"embeddable":true,"href":"https:\/\/www.fleximat.es\/zh\/wp-json\/wp\/v2\/users\/1"}],"replies":[{"embeddable":true,"href":"https:\/\/www.fleximat.es\/zh\/wp-json\/wp\/v2\/comments?post=74"}],"version-history":[{"count":0,"href":"https:\/\/www.fleximat.es\/zh\/wp-json\/wp\/v2\/posts\/74\/revisions"}],"wp:featuredmedia":[{"embeddable":true,"href":"https:\/\/www.fleximat.es\/zh\/wp-json\/wp\/v2\/media\/75"}],"wp:attachment":[{"href":"https:\/\/www.fleximat.es\/zh\/wp-json\/wp\/v2\/media?parent=74"}],"wp:term":[{"taxonomy":"category","embeddable":true,"href":"https:\/\/www.fleximat.es\/zh\/wp-json\/wp\/v2\/categories?post=74"},{"taxonomy":"post_tag","embeddable":true,"href":"https:\/\/www.fleximat.es\/zh\/wp-json\/wp\/v2\/tags?post=74"}],"curies":[{"name":"wp","href":"https:\/\/api.w.org\/{rel}","templated":true}]}}